{"id":10742,"date":"2025-11-08T11:50:22","date_gmt":"2025-11-08T08:50:22","guid":{"rendered":"https:\/\/www.turunch.net\/cosmetic\/?p=10742"},"modified":"2025-11-08T11:52:07","modified_gmt":"2025-11-08T08:52:07","slug":"fason-kozmetik-uretimi-turunch-cosmetic","status":"publish","type":"post","link":"https:\/\/www.turunch.net\/cosmetic\/blog\/fason-kozmetik-uretimi-turunch-cosmetic\/","title":{"rendered":"Fason Kozmetik \u00dcretimi | Turunch Cosmetics ile Markan\u0131z\u0131 Zirveye Ta\u015f\u0131y\u0131n: Detayl\u0131 Rehber"},"content":{"rendered":"<p><strong>Fason Kozmetik \u00dcretimi | <a href=\"https:\/\/www.turunch.net\/cosmetic\/\">Turunch Cosmetics<\/a><\/strong> ile i\u015f ortakl\u0131\u011f\u0131 kurmak, kozmetik sekt\u00f6r\u00fcne girmek isteyen veya mevcut markas\u0131n\u0131 b\u00fcy\u00fctmeyi hedefleyen giri\u015fimciler i\u00e7in stratejik bir karard\u0131r. Bu rehber, fason \u00fcretimin derinliklerini ke\u015ffederken, <em><a href=\"https:\/\/www.turunch.net\/\">Turunch Kozmetik<\/a><\/em>&#8216;in bu s\u00fcre\u00e7teki uzmanl\u0131\u011f\u0131n\u0131 ve sundu\u011fu ayr\u0131cal\u0131klar\u0131 detayl\u0131 bir \u015fekilde inceleyecektir. Kalite, g\u00fcven ve inovasyon ekseninde geli\u015fen bu i\u015f birli\u011fi, markan\u0131z\u0131n sadece bir \u00fcr\u00fcn de\u011fil, bir de\u011fer yaratmas\u0131n\u0131 sa\u011flayacakt\u0131r.<\/p><h2 class=\"wp-block-heading\"><strong>1. Fason Kozmetik \u00dcretimi Hakk\u0131nda Bilgi<\/strong><\/h2><p>Fason kozmetik \u00fcretimi, bir markan\u0131n kendi form\u00fclasyonunu veya konseptini, gerekli teknik donan\u0131ma, uzmanl\u0131\u011fa ve sertifikasyona sahip \u00fc\u00e7\u00fcnc\u00fc bir firmaya (\u00fcreticiye) yapt\u0131rmas\u0131 s\u00fcrecidir. Bu model, \u00f6zellikle kozmetik sekt\u00f6r\u00fcn\u00fcn y\u00fcksek yat\u0131r\u0131m ve reg\u00fclasyon gerektiren yap\u0131s\u0131 g\u00f6z \u00f6n\u00fcne al\u0131nd\u0131\u011f\u0131nda, markalar i\u00e7in b\u00fcy\u00fck bir esneklik ve maliyet avantaj\u0131 sunar.<\/p><p>Pazar ara\u015ft\u0131rmalar\u0131, form\u00fclasyon geli\u015ftirme, hammadde tedariki, \u00fcretim, dolum, ambalajlama ve hatta lojistik gibi karma\u015f\u0131k ad\u0131mlar\u0131n tamam\u0131, fason \u00fcretici taraf\u0131ndan y\u00f6netilir. Marka sahibi ise enerjisini ve kaynaklar\u0131n\u0131, en temel yetkinlik alan\u0131 olan pazarlama, sat\u0131\u015f ve marka konumland\u0131rma \u00fczerine yo\u011funla\u015ft\u0131rabilir. Bu i\u015f modeli, h\u0131zl\u0131 pazar giri\u015fi, d\u00fc\u015f\u00fck ba\u015flang\u0131\u00e7 maliyeti ve \u00fcr\u00fcn \u00e7e\u015fitlili\u011fini an\u0131nda geni\u015fletme imk\u00e2n\u0131 sa\u011flar.<\/p><p>Turunch Kozmetik, bu s\u00fcre\u00e7te sadece bir \u00fcretici olman\u0131n \u00f6tesine ge\u00e7erek, markan\u0131z\u0131n vizyonunu somut \u00fcr\u00fcnlere d\u00f6n\u00fc\u015ft\u00fcren bir \u00e7\u00f6z\u00fcm orta\u011f\u0131 rol\u00fc \u00fcstlenir. Y\u0131llar\u0131n getirdi\u011fi tecr\u00fcbe, 4.500 m\u00b2 kapal\u0131 alanda modern tesisler ve uluslararas\u0131 kalite standartlar\u0131na (GMP gibi) uygun \u00fcretim s\u00fcre\u00e7leri ile her \u00fcr\u00fcn\u00fcn en y\u00fcksek kalitede olmas\u0131n\u0131 garanti eder. <strong>Fason Kozmetik \u00dcretimi |<\/strong><a href=\"https:\/\/www.turunch.net\/\"><strong> Turunch Cosmetics<\/strong> <\/a>i\u015f ortakl\u0131\u011f\u0131, markan\u0131za h\u0131z, g\u00fcven ve s\u00fcrd\u00fcr\u00fclebilir bir b\u00fcy\u00fcme ivmesi kazand\u0131r\u0131r. Bu ortakl\u0131k, k\u00fc\u00e7\u00fck \u00f6l\u00e7ekli giri\u015fimcilerden b\u00fcy\u00fck perakende zincirlerine kadar geni\u015f bir yelpazedeki i\u015f ortaklar\u0131n\u0131n beklentilerini kusursuzca kar\u015f\u0131lamaktad\u0131r.<\/p><h2 class=\"wp-block-heading\"><strong>2. Fason Kozmetik \u00dcretimi Detaylar\u0131<\/strong><\/h2><p>Fason \u00fcretim s\u00fcreci, basit bir \u00fcretim anla\u015fmas\u0131ndan \u00e7ok, detayl\u0131 ve \u00e7ok a\u015famal\u0131 bir i\u015f ortakl\u0131\u011f\u0131d\u0131r. Bu s\u00fcre\u00e7, titizlikle y\u00fcr\u00fct\u00fclmesi gereken ve her ad\u0131mda markan\u0131n kimli\u011fini ve kalite beklentisini yans\u0131tan ad\u0131mlar\u0131 i\u00e7erir.<\/p><h3 class=\"wp-block-heading\"><strong>2.1. Fason \u00dcretim S\u00fcrecinin Temel A\u015famalar\u0131<\/strong><\/h3><p>Fason \u00fcretim, genellikle alt\u0131 ana a\u015famada ilerler ve <a href=\"https:\/\/www.turunch.net\/\">Turunch Kozmetik<\/a> bu a\u015famalar\u0131n her birinde tam destek sunar:<\/p><h4 class=\"wp-block-heading\"><strong>2.1.1. Konsept ve \u0130htiya\u00e7 Analizi<\/strong><\/h4><p>Markan\u0131n hangi kategoride (sa\u00e7, cilt, v\u00fccut bak\u0131m\u0131) \u00fcr\u00fcn istedi\u011fi, hedef kitlesi, fiyat politikas\u0131 ve \u00fcr\u00fcn\u00fcn temel vaatleri belirlenir. Turunch uzmanlar\u0131, pazar trendlerini ve reg\u00fclasyonlar\u0131 g\u00f6z \u00f6n\u00fcnde bulundurarak en uygun stratejiyi olu\u015fturur. Bu a\u015fama, projenin temelini olu\u015fturur.<\/p><h4 class=\"wp-block-heading\"><strong>2.1.2. Ar-Ge ve Form\u00fclasyon Geli\u015ftirme<\/strong><\/h4><p>Bu, s\u00fcrecin en kritik a\u015famas\u0131d\u0131r. <a href=\"https:\/\/www.turunch.net\/\">Turunch Kozmetik<\/a>\u2019in uzman Ar-Ge ekibi, markan\u0131n beklentilerine uygun, yenilik\u00e7i ve g\u00fcvenilir form\u00fcller geli\u015ftirir. Bitkisel \u00f6zler, vitaminler ve antioksidanlar gibi \u00f6zel bile\u015fenler kullan\u0131larak, etkinli\u011fi kan\u0131tlanm\u0131\u015f, kal\u0131c\u0131 ve cilt sa\u011fl\u0131\u011f\u0131na dost form\u00fcller olu\u015fturulur. Numune \u00fcretimi ve stabilite testleri bu a\u015famada tamamlan\u0131r.<\/p><h4 class=\"wp-block-heading\"><strong>2.1.3. Hammadde Tedariki ve Kalite Kontrol<\/strong><\/h4><p>Onaylanan form\u00fcl i\u00e7in gerekli olan t\u00fcm hammaddeler, global standartlara uygun ve g\u00fcvenilir tedarik\u00e7ilerden sa\u011flan\u0131r. Turunch, gelen her hammaddenin kalitesini kendi laboratuvarlar\u0131nda titizlikle test eder. Kaliteden \u00f6d\u00fcn vermeyen bu yakla\u015f\u0131m, nihai \u00fcr\u00fcn\u00fcn \u00fcst\u00fcn performans\u0131n\u0131 garanti eder.<\/p><h4 class=\"wp-block-heading\"><strong>2.1.4. \u00dcretim, Dolum ve Ambalajlama<\/strong><\/h4><p>GMP (\u0130yi \u00dcretim Uygulamalar\u0131) standartlar\u0131na tam uyum sa\u011flayan hijyenik ve modern tesislerde \u00fcretim ger\u00e7ekle\u015ftirilir. \u00dcretimden hemen sonra, y\u00fcksek teknolojiye sahip makinalarla h\u0131zl\u0131 ve hatas\u0131z dolum ve ambalajlama yap\u0131l\u0131r. Bu s\u00fcre\u00e7te ambalaj tasar\u0131m\u0131, \u015fi\u015fe se\u00e7imi ve etiketleme gibi detaylar, markan\u0131n kurumsal kimli\u011fine uygun olarak entegre edilir.<\/p><h4 class=\"wp-block-heading\"><strong>2.1.5. Kalite G\u00fcvence ve Yasal Uygunluk<\/strong><\/h4><p>\u00dcretilen her parti, uluslararas\u0131 kalite sertifikasyonlar\u0131na uygun olarak dermatolojik testlere ve mikrobiyolojik kontrollere tabi tutulur. Yasal gerekliliklere (CPSP, CPNP\/\u00dcTS bildirimleri vb.) uyum Turunch Kozmetik taraf\u0131ndan eksiksiz sa\u011flan\u0131r.<\/p><h4 class=\"wp-block-heading\"><strong>2.1.6. Lojistik ve Teslimat<\/strong><\/h4><p>\u00dcr\u00fcnler, belirlenen standartlarda paketlenir ve i\u015f ortaklar\u0131n\u0131n talep etti\u011fi lokasyonlara g\u00fcvenli bir \u015fekilde sevk edilir. H\u0131zl\u0131 ve g\u00fcvenilir teslimat, pazar dinamiklerine h\u0131zl\u0131 adaptasyonu sa\u011flar.<\/p><figure class=\"wp-block-image size-large\"><img loading=\"lazy\" decoding=\"async\" width=\"1300\" height=\"709\" src=\"https:\/\/www.turunch.net\/cosmetic\/wp-content\/uploads\/2025\/11\/Fason-Kozmetik-Uretimi-Turunch-Cosmetics-ile-Markanizi-Zirveye-Tasiyin-Detayli-Rehber-2-1300x709.jpg\" alt=\"Fason Kozmetik \u00dcretimi\" class=\"wp-image-10744\" srcset=\"https:\/\/www.turunch.net\/cosmetic\/wp-content\/uploads\/2025\/11\/Fason-Kozmetik-Uretimi-Turunch-Cosmetics-ile-Markanizi-Zirveye-Tasiyin-Detayli-Rehber-2-1300x709.jpg 1300w, https:\/\/www.turunch.net\/cosmetic\/wp-content\/uploads\/2025\/11\/Fason-Kozmetik-Uretimi-Turunch-Cosmetics-ile-Markanizi-Zirveye-Tasiyin-Detayli-Rehber-2-400x218.jpg 400w, https:\/\/www.turunch.net\/cosmetic\/wp-content\/uploads\/2025\/11\/Fason-Kozmetik-Uretimi-Turunch-Cosmetics-ile-Markanizi-Zirveye-Tasiyin-Detayli-Rehber-2-768x419.jpg 768w, https:\/\/www.turunch.net\/cosmetic\/wp-content\/uploads\/2025\/11\/Fason-Kozmetik-Uretimi-Turunch-Cosmetics-ile-Markanizi-Zirveye-Tasiyin-Detayli-Rehber-2-18x10.jpg 18w, https:\/\/www.turunch.net\/cosmetic\/wp-content\/uploads\/2025\/11\/Fason-Kozmetik-Uretimi-Turunch-Cosmetics-ile-Markanizi-Zirveye-Tasiyin-Detayli-Rehber-2-430x235.jpg 430w, https:\/\/www.turunch.net\/cosmetic\/wp-content\/uploads\/2025\/11\/Fason-Kozmetik-Uretimi-Turunch-Cosmetics-ile-Markanizi-Zirveye-Tasiyin-Detayli-Rehber-2-700x382.jpg 700w, https:\/\/www.turunch.net\/cosmetic\/wp-content\/uploads\/2025\/11\/Fason-Kozmetik-Uretimi-Turunch-Cosmetics-ile-Markanizi-Zirveye-Tasiyin-Detayli-Rehber-2-150x82.jpg 150w, https:\/\/www.turunch.net\/cosmetic\/wp-content\/uploads\/2025\/11\/Fason-Kozmetik-Uretimi-Turunch-Cosmetics-ile-Markanizi-Zirveye-Tasiyin-Detayli-Rehber-2.jpg 1408w\" sizes=\"auto, (max-width: 1300px) 100vw, 1300px\" \/><\/figure><p><\/p><h3 class=\"wp-block-heading\"><strong>2.2. Private Label (\u00d6zel Etiket) ve Fason \u00dcretimin Fark\u0131<\/strong><\/h3><p>Fason \u00fcretim terimi geni\u015f bir yelpazeyi kapsar, ancak &#8220;Private Label&#8221; (\u00d6zel Etiket) bu yelpazenin \u00f6nemli bir alt koludur. Turunch Kozmetik her iki alanda da hizmet sunar.<\/p><p><strong>Private Label:<\/strong> Genellikle \u00fcreticinin (Turunch&#8217;un) hali haz\u0131rda sahip oldu\u011fu, denenmi\u015f ve ba\u015far\u0131l\u0131 form\u00fclleri, i\u015f orta\u011f\u0131n\u0131n kendi markas\u0131 alt\u0131nda piyasaya s\u00fcrmesidir. Bu, pazara en h\u0131zl\u0131 ve en d\u00fc\u015f\u00fck Ar-Ge maliyetiyle girme yoludur.<\/p><p><strong>Klasik Fason \u00dcretim:<\/strong> Markan\u0131n tamamen kendine \u00f6zg\u00fc, daha \u00f6nce pazarda olmayan, \u00f6zel bir form\u00fcl talep etmesidir. Bu s\u00fcre\u00e7, daha uzun Ar-Ge s\u00fcresi ve daha y\u00fcksek ilk yat\u0131r\u0131m gerektirse de, markaya benzersiz bir rekabet avantaj\u0131 sa\u011flar. <strong>Fason Kozmetik \u00dcretimi | Turunch Cosmetics<\/strong> modelinde, i\u015f ortaklar\u0131 ihtiyaca g\u00f6re bu iki se\u00e7enekten birini tercih edebilirler.<\/p><h3 class=\"wp-block-heading\"><strong>2.3. Turunch Cosmetics ile \u00c7al\u0131\u015fman\u0131n Finansal Boyutu<\/strong><\/h3><p>Turunch Kozmetik, rekabet\u00e7i fiyat politikas\u0131 ile y\u00fcksek kaliteyi eri\u015filebilir k\u0131lar. <strong>M\u00fc\u015fteri odakl\u0131 hizmet anlay\u0131\u015f\u0131<\/strong>, ba\u015flang\u0131\u00e7 maliyetlerini optimize etmeye ve uzun vadeli k\u00e2rl\u0131l\u0131\u011f\u0131 desteklemeye odaklan\u0131r. \u00d6l\u00e7ek ekonomisinden faydalanma, toplu hammadde al\u0131mlar\u0131 ve verimli \u00fcretim s\u00fcre\u00e7leri sayesinde, i\u015f ortaklar\u0131na maliyet avantaj\u0131 sa\u011flan\u0131r.<\/p><h4 class=\"wp-block-heading\"><strong>2.3.1. Minimum Sipari\u015f Miktarlar\u0131 (MOQ)<\/strong><\/h4><p>Fason \u00fcretimde MOQ (Minimum Sipari\u015f Miktar\u0131) \u00f6nemlidir. Turunch, b\u00fcy\u00fck \u00fcreticilere k\u0131yasla daha esnek MOQ se\u00e7enekleri sunarak, yeni ba\u015flayan giri\u015fimcilerin dahi y\u00fcksek kalitede \u00fcr\u00fcnlerle pazara girmesine olanak tan\u0131r.<\/p><h2 class=\"wp-block-heading\"><strong>3. Fason Kozmetik \u00dcretimi \u00d6zellikleri<\/strong><\/h2><p><strong>Fason Kozmetik \u00dcretimi | Turunch Cosmetics Modelleri<\/strong> ile i\u015f ortaklar\u0131n\u0131n elde etti\u011fi temel \u00f6zellikler, markan\u0131n pazardaki ba\u015far\u0131s\u0131n\u0131 do\u011frudan etkiler. Bu \u00f6zellikler, s\u00fcre\u00e7teki inovasyonu, kalite g\u00fcvencesini ve esnekli\u011fi kapsar.<\/p><h3 class=\"wp-block-heading\"><strong>3.1. Kal\u0131c\u0131 ve Etkin Form\u00fcller<\/strong><\/h3><p><a href=\"https:\/\/www.turunch.net\/cosmetic\/\">Turunch Kozmetik<\/a>, \u00fcr\u00fcn geli\u015ftirme a\u015famas\u0131nda yaln\u0131zca trendleri takip etmekle kalmaz, ayn\u0131 zamanda kal\u0131c\u0131 ve kan\u0131tlanm\u0131\u015f form\u00fcller yarat\u0131r. Bu form\u00fcller:<\/p><ul class=\"wp-block-list\"><li><strong>Bitkisel \u00d6zler ve G\u00fc\u00e7l\u00fc Antioksidanlar:<\/strong> Cilt sa\u011fl\u0131\u011f\u0131n\u0131 destekleyen, y\u00fcksek performansl\u0131 do\u011fal bile\u015fenler i\u00e7erir.<\/li>\n\n<li><strong>Stabilite ve Etkinlik Garantisi:<\/strong> \u00dcr\u00fcnlerin raf \u00f6mr\u00fc boyunca etkinli\u011fini korumas\u0131 sa\u011flan\u0131r.<\/li>\n\n<li><strong>Ki\u015fiselle\u015ftirme:<\/strong> Markan\u0131n hedefine ve t\u00fcketici beklentisine \u00f6zel olarak ayarlanabilir.<\/li><\/ul><h3 class=\"wp-block-heading\"><strong>3.2. S\u00fcrd\u00fcr\u00fclebilirlik ve Do\u011fal Kar\u0131\u015f\u0131mlar<\/strong><\/h3><p>G\u00fcn\u00fcm\u00fcz t\u00fcketicisi \u00e7evreye duyarl\u0131 ve do\u011fal i\u00e7erikli \u00fcr\u00fcnleri tercih etmektedir. Turunch, \u00fcretim felsefesinin merkezine s\u00fcrd\u00fcr\u00fclebilirli\u011fi ve do\u011fall\u0131\u011f\u0131 koyar:<\/p><ul class=\"wp-block-list\"><li><strong>Do\u011fan\u0131n \u0130yile\u015ftirici G\u00fcc\u00fc:<\/strong> \u00dcr\u00fcnlerde kullan\u0131lan benzersiz do\u011fal kar\u0131\u015f\u0131mlar, do\u011fan\u0131n saf dokunu\u015funu cilde ta\u015f\u0131r.<\/li>\n\n<li><strong>\u00c7evreye Duyarl\u0131 \u00dcretim:<\/strong> Hammadde se\u00e7iminden ambalajlamaya kadar t\u00fcm s\u00fcre\u00e7lerde s\u00fcrd\u00fcr\u00fclebilirlik ilkesi benimsenir.<\/li>\n\n<li><strong>Y\u00fcksek Etki, Saf \u0130\u00e7erik:<\/strong> Paraben, s\u00fclfat gibi tart\u0131\u015fmal\u0131 kimyasallar\u0131n kullan\u0131m\u0131ndan ka\u00e7\u0131n\u0131larak &#8220;temiz g\u00fczellik&#8221; (clean beauty) konseptine uygun \u00fcretim yap\u0131l\u0131r.<\/li><\/ul><figure class=\"wp-block-image size-large\"><img loading=\"lazy\" decoding=\"async\" width=\"1300\" height=\"709\" src=\"https:\/\/www.turunch.net\/cosmetic\/wp-content\/uploads\/2025\/11\/Fason-Kozmetik-Uretimi-Turunch-Cosmetics-ile-Markanizi-Zirveye-Tasiyin-Detayli-Rehber-4-1300x709.jpg\" alt=\"Fason Kozmetik \u00dcretimi\" class=\"wp-image-10745\" srcset=\"https:\/\/www.turunch.net\/cosmetic\/wp-content\/uploads\/2025\/11\/Fason-Kozmetik-Uretimi-Turunch-Cosmetics-ile-Markanizi-Zirveye-Tasiyin-Detayli-Rehber-4-1300x709.jpg 1300w, https:\/\/www.turunch.net\/cosmetic\/wp-content\/uploads\/2025\/11\/Fason-Kozmetik-Uretimi-Turunch-Cosmetics-ile-Markanizi-Zirveye-Tasiyin-Detayli-Rehber-4-400x218.jpg 400w, https:\/\/www.turunch.net\/cosmetic\/wp-content\/uploads\/2025\/11\/Fason-Kozmetik-Uretimi-Turunch-Cosmetics-ile-Markanizi-Zirveye-Tasiyin-Detayli-Rehber-4-768x419.jpg 768w, https:\/\/www.turunch.net\/cosmetic\/wp-content\/uploads\/2025\/11\/Fason-Kozmetik-Uretimi-Turunch-Cosmetics-ile-Markanizi-Zirveye-Tasiyin-Detayli-Rehber-4-18x10.jpg 18w, https:\/\/www.turunch.net\/cosmetic\/wp-content\/uploads\/2025\/11\/Fason-Kozmetik-Uretimi-Turunch-Cosmetics-ile-Markanizi-Zirveye-Tasiyin-Detayli-Rehber-4-430x235.jpg 430w, https:\/\/www.turunch.net\/cosmetic\/wp-content\/uploads\/2025\/11\/Fason-Kozmetik-Uretimi-Turunch-Cosmetics-ile-Markanizi-Zirveye-Tasiyin-Detayli-Rehber-4-700x382.jpg 700w, https:\/\/www.turunch.net\/cosmetic\/wp-content\/uploads\/2025\/11\/Fason-Kozmetik-Uretimi-Turunch-Cosmetics-ile-Markanizi-Zirveye-Tasiyin-Detayli-Rehber-4-150x82.jpg 150w, https:\/\/www.turunch.net\/cosmetic\/wp-content\/uploads\/2025\/11\/Fason-Kozmetik-Uretimi-Turunch-Cosmetics-ile-Markanizi-Zirveye-Tasiyin-Detayli-Rehber-4.jpg 1408w\" sizes=\"auto, (max-width: 1300px) 100vw, 1300px\" \/><\/figure><h3 class=\"wp-block-heading\"><strong>3.3. Kapsaml\u0131 Ar-Ge ve Ambalaj Deste\u011fi<\/strong><\/h3><p><strong><a href=\"https:\/\/www.turunch.net\/\">Fason Kozmetik \u00dcretimi<\/a> | <a href=\"https:\/\/www.turunch.net\/\">Turunch Cosmetics<\/a><\/strong> i\u015f ortakl\u0131\u011f\u0131, sadece \u00fcretimle s\u0131n\u0131rl\u0131 de\u011fildir. Ar-Ge departman\u0131n\u0131n yenilik\u00e7i yakla\u015f\u0131mlar\u0131 ve ambalaj alan\u0131ndaki estetik ve i\u015flevsel \u00e7\u00f6z\u00fcmleri, markay\u0131 bir ad\u0131m \u00f6ne ta\u015f\u0131r. Ambalaj, \u00fcr\u00fcn\u00fcn ilk izlenimi oldu\u011fu i\u00e7in, klasik, modern ve yarat\u0131c\u0131 tasar\u0131mlar ile \u00fcr\u00fcne \u00f6zel kimlik kazand\u0131r\u0131l\u0131r.<\/p><h2 class=\"wp-block-heading\"><strong>4. Fason Kozmetik \u00dcretimi Alanlar\u0131<\/strong><\/h2><p><a href=\"https:\/\/www.turunch.net\/\">Turunch Kozmetik<\/a>, geni\u015f \u00fcr\u00fcn yelpazesi ve teknik yeterlili\u011fi sayesinde, v\u00fccut, sa\u00e7 ve cilt bak\u0131m\u0131 ana kategorilerinde y\u00fczlerce farkl\u0131 \u00fcr\u00fcn\u00fcn fason \u00fcretimini ger\u00e7ekle\u015ftirebilmektedir.<\/p><h3 class=\"wp-block-heading\"><strong>4.1. Sa\u00e7 Bak\u0131m \u00dcr\u00fcnleri \u00dcretimi<\/strong><\/h3><p>Sa\u00e7 sa\u011fl\u0131\u011f\u0131na odaklanan ve farkl\u0131 sa\u00e7 tiplerinin ihtiya\u00e7lar\u0131na cevap veren \u00f6zel form\u00fcller geli\u015ftirilir.<\/p><h4 class=\"wp-block-heading\"><strong>4.1.1. \u015eampuan ve Sa\u00e7 Kremi \u00c7e\u015fitleri&nbsp;&nbsp;<\/strong><\/h4><p>Klasik temizleyici \u015fampuanlardan, s\u00fclfats\u0131z ve onar\u0131c\u0131 \u00f6zel \u015fampuanlara kadar geni\u015f bir \u00fcr\u00fcn yelpazesi sunulur. Sa\u00e7 kremi ve maske form\u00fclasyonlar\u0131 da \u00f6zel i\u00e7eriklerle zenginle\u015ftirilebilir.<\/p><h4 class=\"wp-block-heading\"><strong>4.1.2. Sa\u00e7 Serumu ve Ya\u011flar\u0131&nbsp;<\/strong><\/h4><p>Yo\u011fun nem ve parlakl\u0131k sa\u011flayan argan, hindistan cevizi gibi do\u011fal ya\u011f bazl\u0131 serumlar\u0131n \u00fcretimi, sa\u00e7\u0131n derinlemesine beslenmesini hedefler.<\/p><h4 class=\"wp-block-heading\"><strong>4.1.3. Sa\u00e7 \u015eekillendiriciler&nbsp;&nbsp;<\/strong><\/h4><p>Jel, k\u00f6p\u00fck ve sprey gibi sa\u00e7 \u015fekillendirme \u00fcr\u00fcnlerinin fason \u00fcretimi, kal\u0131c\u0131 tutu\u015f ve koruma vaat eden form\u00fcllerle ger\u00e7ekle\u015ftirilir.<\/p><h3 class=\"wp-block-heading\"><strong>4.2. Cilt Bak\u0131m \u00dcr\u00fcnleri \u00dcretimi<\/strong><\/h3><p>Y\u00fcz cildi korumaya y\u00f6nelik, hassas ve etkinli\u011fi y\u00fcksek \u00fcr\u00fcnler bu alanda yer al\u0131r.<\/p><h4 class=\"wp-block-heading\"><strong>4.2.1. Nemlendirici ve Ya\u015flanma Kar\u015f\u0131t\u0131 Kremler&nbsp;<\/strong><\/h4><p>Hyaluronik asit, retinol ve \u00e7e\u015fitli vitaminler i\u00e7eren, nem dengesini sa\u011flayan ve ya\u015flanma belirtilerini hedef alan \u00f6zel kremler.<\/p><h4 class=\"wp-block-heading\"><strong>4.2.2. Tonik ve Temizleme Jelleri&nbsp;&nbsp;<\/strong><\/h4><p>Cilt tipine uygun, makyaj kal\u0131nt\u0131lar\u0131n\u0131 ve kirleri nazik\u00e7e temizleyen form\u00fclasyonlar geli\u015ftirilir.<\/p><h4 class=\"wp-block-heading\"><strong>4.2.3. Maske ve Peeling \u00dcr\u00fcnleri&nbsp;&nbsp;<\/strong><\/h4><p>Kil, k\u00f6m\u00fcr veya meyve asitleri bazl\u0131 derinlemesine temizlik ve yenileme sa\u011flayan \u00fcr\u00fcnlerin fason \u00fcretimi.<\/p><h3 class=\"wp-block-heading\"><strong>4.3. V\u00fccut Bak\u0131m \u00dcr\u00fcnleri \u00dcretimi<\/strong><\/h3><p>G\u00fcnl\u00fck hijyen ve cilt b\u00fct\u00fcnl\u00fc\u011f\u00fcn\u00fc destekleyen, b\u00fcy\u00fck hacimli \u00fcr\u00fcnlerin \u00fcretimini kapsar.<\/p><h4 class=\"wp-block-heading\"><strong>4.3.1. Du\u015f Jeli ve V\u00fccut Losyonlar\u0131&nbsp;&nbsp;<\/strong><\/h4><p>\u00d6zel parf\u00fcm notalar\u0131 ve nemlendirici i\u00e7eriklerle zenginle\u015ftirilmi\u015f, cilde kadifemsi bir dokunu\u015f b\u0131rakan \u00fcr\u00fcnler.<\/p><h4 class=\"wp-block-heading\"><strong>4.3.2. El ve Ayak Bak\u0131m \u00dcr\u00fcnleri&nbsp;<\/strong><\/h4><p>Yo\u011fun onar\u0131c\u0131 ve besleyici kremlerin fason \u00fcretimi, \u00f6zellikle kuru ve y\u0131pranm\u0131\u015f ciltler i\u00e7in \u00e7\u00f6z\u00fcmler sunar.<\/p><h4 class=\"wp-block-heading\"><strong>4.3.3. G\u00fcne\u015f Koruyucu Kremler&nbsp;&nbsp;<\/strong><\/h4><p>Y\u00fcksek SPF de\u011ferine sahip, kimyasal ve mineral filtreli g\u00fcne\u015f koruyucu \u00fcr\u00fcnlerin mevsimsel taleplere uygun \u00fcretimi.<\/p><h2 class=\"wp-block-heading\"><strong>5. Kullan\u0131m \u00d6rnekleri: Ba\u015far\u0131l\u0131 Fason Kozmetik \u00dcretimi | Turunch Cosmetics \u0130\u015f Birlikleri<\/strong><\/h2><p><a href=\"https:\/\/www.turunch.net\/cosmetic\/\">Turunch Kozmetik <\/a>ile kurulan ba\u015far\u0131l\u0131 i\u015f ortakl\u0131klar\u0131, fason \u00fcretimin markalara nas\u0131l somut de\u011ferler katt\u0131\u011f\u0131n\u0131 g\u00f6stermektedir.<\/p><h3 class=\"wp-block-heading\"><strong>5.1. \u00d6rnek 1: E-ticaret Odakl\u0131 Bitkisel Sa\u00e7 Serisi Lansman\u0131&nbsp;<\/strong><\/h3><p>Pazarlama g\u00fcc\u00fc y\u00fcksek, ancak \u00fcretim tesisi olmayan bir e-ticaret giri\u015fiminin, k\u0131sa s\u00fcrede pazara yeni bir sa\u00e7 bak\u0131m serisi sunma hedefi.<\/p><h3 class=\"wp-block-heading\"><strong>5.1.1. H\u0131zl\u0131 Pazar Giri\u015fi ve Ambalajlama&nbsp;<\/strong><\/h3><p>Giri\u015fimin acil lansman talebi do\u011frultusunda, <a href=\"https:\/\/www.turunch.net\/\">Turunch<\/a> tedarik zinciri ve \u00fcretim birimi h\u0131zl\u0131ca mobilize oldu. Ambalaj tasar\u0131m\u0131, Turunch&#8217;un \u00f6nerdi\u011fi, geri d\u00f6n\u00fc\u015ft\u00fcr\u00fclm\u00fc\u015f materyallerden olu\u015fan bir se\u00e7enekle h\u0131zla karara ba\u011fland\u0131, b\u00f6ylece maliyet ve zaman tasarrufu sa\u011fland\u0131. Bu sayede marka, rekabet\u00e7i bir fiyata, \u00e7evre dostu ve kaliteli \u00fcr\u00fcnlerle pazara sadece 3 ay i\u00e7inde girebildi.<\/p><h3 class=\"wp-block-heading\"><strong>5.2. \u00d6rnek 2: B\u00fcy\u00fck Perakende Zinciri \u0130\u00e7in \u00d6zel V\u00fccut Bak\u0131m Serisi&nbsp;&nbsp;<\/strong><\/h3><p>Ulusal bir perakende zincirinin kendi markas\u0131 (Private Label) alt\u0131nda, rekabet\u00e7i fiyatl\u0131 ve y\u00fcksek hacimli bir v\u00fccut bak\u0131m\u0131 \u00fcr\u00fcn gam\u0131 olu\u015fturma projesi.<\/p><h4 class=\"wp-block-heading\"><strong>5.2.1. Y\u00fcksek Hacimli \u00dcretim Kapasitesi ve Kalite G\u00fcvencesi&nbsp;<\/strong><\/h4><p>Turunch Kozmetik, 4.500 m\u00b2&#8217;lik kapal\u0131 alan ve modern makine parkuru sayesinde, zincirin talep etti\u011fi y\u00fcksek adetli (y\u00fczbinlerce) Du\u015f Jeli, V\u00fccut Losyonu ve El Sabunu \u00fcretimini taahh\u00fct etti. \u00dcretim s\u00fcre\u00e7leri, zincirin kendi i\u00e7 kalite denetimlerinden tam not alacak \u015fekilde, uluslararas\u0131 GMP standartlar\u0131na uygun y\u00fcr\u00fct\u00fcld\u00fc.<\/p><h4 class=\"wp-block-heading\"><strong>5.2.2. Maliyet Optimizasyonu ve Tedarik G\u00fcvenli\u011fi&nbsp;&nbsp;<\/strong><\/h4><p>Zincir, Turunch&#8217;un toplu hammadde al\u0131m g\u00fcc\u00fcnden ve verimli \u00fcretim s\u00fcre\u00e7lerinden faydalanarak birim maliyetleri \u00f6nemli \u00f6l\u00e7\u00fcde d\u00fc\u015f\u00fcrd\u00fc. S\u00fcre\u00e7, tedarik zincirinde aksama ya\u015fanmamas\u0131 ad\u0131na, Turunch&#8217;un g\u00fcvencesi alt\u0131na al\u0131nd\u0131. Bu i\u015f birli\u011fi ile zincir, k\u00e2rl\u0131l\u0131\u011f\u0131n\u0131 art\u0131r\u0131rken, raflar\u0131na kesintisiz \u00fcr\u00fcn tedariki sa\u011flad\u0131.<\/p><h3 class=\"wp-block-heading\"><strong>5.3. \u00d6rnek 3: Dermatolog Markas\u0131 \u0130\u00e7in Ni\u015f Cilt Bak\u0131m Form\u00fclasyonu&nbsp;&nbsp;&nbsp;&nbsp;<\/strong><\/h3><p>\u00d6zel bir dermatolog klini\u011finin, bilimsel kan\u0131ta dayal\u0131, hipoalerjenik ve benzersiz aktifler i\u00e7eren bir ni\u015f cilt bak\u0131m serisi yaratma iste\u011fi.<\/p><h4 class=\"wp-block-heading\"><strong>5.3.1. Uzmanl\u0131k Gerektiren Ar-Ge ve Form\u00fcl Geli\u015ftirme&nbsp;&nbsp;<\/strong><\/h4><p>Bu proje, klasik fason \u00fcretimin \u00f6tesinde, detayl\u0131 bir Ar-Ge \u00e7al\u0131\u015fmas\u0131 gerektirdi. Turunch&#8217;un Ar-Ge ekibi, dermatologlar\u0131n talep etti\u011fi, y\u00fcksek konsantrasyonlu ve hassas aktif maddeler i\u00e7eren (\u00f6rne\u011fin C Vitamini Serumu ve Peptit Kremi) form\u00fclleri s\u0131f\u0131rdan geli\u015ftirdi. Bu s\u00fcre\u00e7te, form\u00fcl\u00fcn stabilitesi ve cilt \u00fczerindeki etkinli\u011fi titizlikle test edildi.<\/p><h4 class=\"wp-block-heading\"><strong>5.3.2. K\u00fc\u00e7\u00fck Parti \u00dcretim ve Y\u00fcksek Kalite Kontrol&nbsp;&nbsp;<\/strong><\/h4><p>Ni\u015f pazar hedefli oldu\u011fu i\u00e7in ba\u015flang\u0131\u00e7ta k\u00fc\u00e7\u00fck parti (daha d\u00fc\u015f\u00fck MOQ) \u00fcretimi talep edildi. Turunch, b\u00fcy\u00fck hacimli \u00fcretimin yan\u0131 s\u0131ra, bu tip butik ve y\u00fcksek kaliteli seriler i\u00e7in de esnek \u00e7\u00f6z\u00fcmler sundu. Her bir \u015fi\u015fe, t\u0131bbi standartlara yak\u0131n bir titizlikle kontrol edildi ve ambalajland\u0131.<\/p><h3 class=\"wp-block-heading\"><strong>5.4. \u00d6rnek 4: Yeni Nesil Temizlik ve Kozmetik Hibrit \u00dcr\u00fcn\u00fc&nbsp;&nbsp;<\/strong><\/h3><p>Hem temizlik hem de cilt bak\u0131m\u0131 \u00f6zellikleri ta\u015f\u0131yan, do\u011fal bile\u015fenli (\u00f6rne\u011fin probiyotikli) el sabunu ve y\u00fczey temizleyici hibrit \u00fcr\u00fcnler geli\u015ftirmek isteyen yenilik\u00e7i bir marka.<\/p><h4 class=\"wp-block-heading\"><strong>5.4.1. \u0130novatif Konseptin \u00dcretime D\u00f6n\u00fc\u015f\u00fcm\u00fc&nbsp;<\/strong><\/h4><p><a href=\"https:\/\/www.turunch.net\/cosmetic\/\">Turunch<\/a>, bu yarat\u0131c\u0131 konsepti hayata ge\u00e7irmek i\u00e7in teknik altyap\u0131s\u0131n\u0131 kulland\u0131. Probiyotiklerin ve do\u011fal temizleyici ajanlar\u0131n cilt dostu bir form\u00fclle birle\u015ftirilmesi sa\u011fland\u0131. Bu s\u00fcre\u00e7, geleneksel kozmetik \u00fcretiminin d\u0131\u015f\u0131na \u00e7\u0131kan, yenilik\u00e7i bir form\u00fclasyon yetene\u011fini gerektirdi.<\/p><h4 class=\"wp-block-heading\"><strong>5.4.2. \u00c7ok Fonksiyonlu Ambalaj \u00c7\u00f6z\u00fcmleri&nbsp;<\/strong><\/h4><p>\u00dcr\u00fcn\u00fcn hem banyoda hem de mutfakta kullan\u0131labilecek \u00e7ok fonksiyonlu yap\u0131s\u0131na uygun, estetik ve dayan\u0131kl\u0131 \u00f6zel ambalaj ve pompa mekanizmalar\u0131 se\u00e7ildi. Bu, markan\u0131n \u00e7ok y\u00f6nl\u00fc kimli\u011fini destekleyen bir \u00e7\u00f6z\u00fcm oldu.<\/p><figure class=\"wp-block-image size-large\"><img loading=\"lazy\" decoding=\"async\" width=\"1300\" height=\"709\" src=\"https:\/\/www.turunch.net\/cosmetic\/wp-content\/uploads\/2025\/11\/Fason-Kozmetik-Uretimi-Turunch-Cosmetics-ile-Markanizi-Zirveye-Tasiyin-Detayli-Rehber-3-1300x709.jpg\" alt=\"Fason Kozmetik \u00dcretimi\" class=\"wp-image-10746\" srcset=\"https:\/\/www.turunch.net\/cosmetic\/wp-content\/uploads\/2025\/11\/Fason-Kozmetik-Uretimi-Turunch-Cosmetics-ile-Markanizi-Zirveye-Tasiyin-Detayli-Rehber-3-1300x709.jpg 1300w, https:\/\/www.turunch.net\/cosmetic\/wp-content\/uploads\/2025\/11\/Fason-Kozmetik-Uretimi-Turunch-Cosmetics-ile-Markanizi-Zirveye-Tasiyin-Detayli-Rehber-3-400x218.jpg 400w, https:\/\/www.turunch.net\/cosmetic\/wp-content\/uploads\/2025\/11\/Fason-Kozmetik-Uretimi-Turunch-Cosmetics-ile-Markanizi-Zirveye-Tasiyin-Detayli-Rehber-3-768x419.jpg 768w, https:\/\/www.turunch.net\/cosmetic\/wp-content\/uploads\/2025\/11\/Fason-Kozmetik-Uretimi-Turunch-Cosmetics-ile-Markanizi-Zirveye-Tasiyin-Detayli-Rehber-3-18x10.jpg 18w, https:\/\/www.turunch.net\/cosmetic\/wp-content\/uploads\/2025\/11\/Fason-Kozmetik-Uretimi-Turunch-Cosmetics-ile-Markanizi-Zirveye-Tasiyin-Detayli-Rehber-3-430x235.jpg 430w, https:\/\/www.turunch.net\/cosmetic\/wp-content\/uploads\/2025\/11\/Fason-Kozmetik-Uretimi-Turunch-Cosmetics-ile-Markanizi-Zirveye-Tasiyin-Detayli-Rehber-3-700x382.jpg 700w, https:\/\/www.turunch.net\/cosmetic\/wp-content\/uploads\/2025\/11\/Fason-Kozmetik-Uretimi-Turunch-Cosmetics-ile-Markanizi-Zirveye-Tasiyin-Detayli-Rehber-3-150x82.jpg 150w, https:\/\/www.turunch.net\/cosmetic\/wp-content\/uploads\/2025\/11\/Fason-Kozmetik-Uretimi-Turunch-Cosmetics-ile-Markanizi-Zirveye-Tasiyin-Detayli-Rehber-3.jpg 1408w\" sizes=\"auto, (max-width: 1300px) 100vw, 1300px\" \/><\/figure><h2 class=\"wp-block-heading\"><strong>6. Fason Kozmetik \u00dcretimi S\u0131k\u00e7a Sorulan Sorular<\/strong><\/h2><p>Giri\u015fimcilerin ve markalar\u0131n <strong>Fason Kozmetik \u00dcretimi | <a href=\"https:\/\/www.turunch.net\/\">Turunch Cosmetics<\/a><\/strong> ile i\u015f birli\u011fine ba\u015flarken en \u00e7ok merak ettikleri sorular ve yan\u0131tlar\u0131 a\u015fa\u011f\u0131da yer almaktad\u0131r:<\/p><h3 class=\"wp-block-heading\"><strong>6.1. Fason \u00dcretim i\u00e7in Minimum Sipari\u015f Miktar\u0131 (MOQ) Nedir?&nbsp;&nbsp;<\/strong><\/h3><p>MOQ, \u00fcr\u00fcn tipine (\u015fampuan, krem, serum) ve ambalaj\u0131n karma\u015f\u0131kl\u0131\u011f\u0131na g\u00f6re de\u011fi\u015fmektedir.<\/p><h4 class=\"wp-block-heading\"><strong>6.1.1. Turunch Kozmetik&#8217;te MOQ Esnekli\u011fi&nbsp;&nbsp;<\/strong><\/h4><p>Turunch Kozmetik, i\u015f ortaklar\u0131na esneklik sunmak ad\u0131na, sekt\u00f6rdeki b\u00fcy\u00fck oyunculara k\u0131yasla daha uygun ve rekabet\u00e7i MOQ seviyeleri belirlemektedir. Bu, \u00f6zellikle pazara yeni giren veya ni\u015f \u00fcr\u00fcnler \u00fcretmek isteyen markalar i\u00e7in b\u00fcy\u00fck bir avantajd\u0131r. Kesin bir say\u0131 i\u00e7in, projenin detaylar\u0131 ile birlikte Turunch ile do\u011frudan ileti\u015fime ge\u00e7ilmesi en do\u011fru yakla\u015f\u0131m olacakt\u0131r.<\/p><h3 class=\"wp-block-heading\"><strong>6.2. \u00dcr\u00fcnlerin Form\u00fclasyon Telif Haklar\u0131 Kime Aittir?&nbsp;&nbsp;<\/strong><\/h3><p>Bu, i\u015f birli\u011finin t\u00fcr\u00fcne ba\u011fl\u0131d\u0131r.<\/p><h4 class=\"wp-block-heading\"><strong>6.2.1. Form\u00fclasyon Haklar\u0131 Durumu&nbsp;&nbsp;<\/strong><\/h4><ul class=\"wp-block-list\"><li><strong>Private Label:<\/strong> Turunch\u2019un haz\u0131r form\u00fcl\u00fc kullan\u0131l\u0131yorsa, form\u00fcl\u00fcn temel telif hakk\u0131 Turunch Kozmetik\u2019e aittir. Marka, \u00fcr\u00fcn\u00fc kendi markas\u0131 alt\u0131nda satma hakk\u0131n\u0131 al\u0131r.<\/li>\n\n<li><strong>\u00d6zel Geli\u015ftirilmi\u015f Fason \u00dcretim:<\/strong> Markan\u0131n talepleri do\u011frultusunda s\u0131f\u0131rdan geli\u015ftirilen \u00f6zel form\u00fcllerin haklar\u0131, genellikle yap\u0131lan anla\u015fmaya ba\u011fl\u0131 olarak, i\u015f orta\u011f\u0131 markaya ait olabilir. S\u00f6zle\u015fme bu detay\u0131 net bir \u015fekilde belirler.<\/li><\/ul><h3 class=\"wp-block-heading\"><strong>6.3. \u00dcretim S\u00fcresi Ortalama Ne Kadard\u0131r?&nbsp;<\/strong><\/h3><p>\u00dcretim s\u00fcresi, projenin kapsam\u0131na g\u00f6re de\u011fi\u015fir.<\/p><h4 class=\"wp-block-heading\"><strong>6.3.1. Projeye G\u00f6re S\u00fcre\u00e7 De\u011fi\u015fkenli\u011fi&nbsp;&nbsp;<\/strong><\/h4><ul class=\"wp-block-list\"><li><strong>H\u0131zl\u0131 Private Label (Haz\u0131r Form\u00fcl):<\/strong> T\u00fcm ambalaj materyalleri haz\u0131rsa ve stokta varsa, bu s\u00fcre 4-8 hafta aras\u0131nda de\u011fi\u015febilir.<\/li>\n\n<li><strong>\u00d6zel Form\u00fclasyon (S\u0131f\u0131rdan Geli\u015ftirme):<\/strong> Ar-Ge, stabilite testleri ve numune onay s\u00fcre\u00e7leri nedeniyle, bu s\u00fcre 12-20 haftaya kadar uzayabilir. Turunch, her projenin ba\u015flang\u0131c\u0131nda detayl\u0131 bir zaman \u00e7izelgesi sunar.<\/li><\/ul><h3 class=\"wp-block-heading\"><strong>6.4. Turunch Kozmetik Hangi Kalite Sertifikalar\u0131na Sahiptir?&nbsp;&nbsp;<\/strong><\/h3><p>Kalite, Turunch Kozmetik\u2019in \u00f6nceli\u011fidir ve uluslararas\u0131 standartlarda belgelenmi\u015ftir.<\/p><h3 class=\"wp-block-heading\"><strong>6.5. Ambalaj Tasar\u0131m\u0131 ve Tedariki Konusunda Destek Veriyor musunuz?&nbsp;&nbsp;<\/strong><\/h3><p>Evet, Turunch Kozmetik fason \u00fcretim s\u00fcrecinde ambalaj konusunda kapsaml\u0131 destek sunmaktad\u0131r.<\/p><h4 class=\"wp-block-heading\"><strong>6.5.1. Kapsaml\u0131 Ambalaj Deste\u011fi&nbsp;&nbsp;&nbsp;<\/strong><\/h4><p>Turunch, i\u015f ortaklar\u0131na sadece \u00fcretim de\u011fil, ayn\u0131 zamanda <strong>Kozmetik Ambalaj Tasar\u0131m\u0131<\/strong> konusunda da yarat\u0131c\u0131 \u00e7\u00f6z\u00fcmler sunar. Markan\u0131n kimli\u011fine uygun \u015fi\u015fe, kavanoz, kutu ve etiket se\u00e7eneklerinin tedarik edilmesi ve bas\u0131m i\u015flemlerinin koordine edilmesi bu hizmet kapsam\u0131ndad\u0131r.<\/p><h2 class=\"wp-block-heading\"><strong>&nbsp;Turunch Cosmetics ile G\u00fcvenle \u0130lerleyin<\/strong><\/h2><p><strong><a href=\"https:\/\/www.turunch.net\/\">Fason Kozmetik \u00dcretimi <\/a>| <a href=\"https:\/\/www.turunch.net\/cosmetic\/\">Turunch Cosmetics<\/a><\/strong> i\u015f ortakl\u0131\u011f\u0131, markan\u0131z i\u00e7in sadece bir \u00fcretim \u00e7\u00f6z\u00fcm\u00fc de\u011fil, ayn\u0131 zamanda g\u00fcvenilir bir b\u00fcy\u00fcme stratejisidir. Deneyimli Ar-Ge ekibi, modern 4.500 m\u00b2&#8217;lik tesis, uluslararas\u0131 GMP standartlar\u0131na tam uyum ve m\u00fc\u015fteri odakl\u0131 hizmet anlay\u0131\u015f\u0131 sayesinde, Turunch, i\u015f ortaklar\u0131n\u0131n en h\u0131zl\u0131 ve en y\u00fcksek kalitede hizmet almas\u0131n\u0131 sa\u011flar. \u0130ster pazara h\u0131zl\u0131ca girmek isteyen bir giri\u015fimci, ister \u00fcr\u00fcn gam\u0131n\u0131 geni\u015fletmek isteyen b\u00fcy\u00fck bir perakendeci olun; Turunch Kozmetik ile yan\u0131n\u0131zda, daima g\u00fcvenle ilerleyebilirsiniz. Markan\u0131z\u0131n potansiyelini <a href=\"https:\/\/www.turunch.net\/cosmetic\/\">Turunch&#8217;<\/a>un \u00fcretim g\u00fcc\u00fcyle birle\u015ftirerek sekt\u00f6rde kal\u0131c\u0131 bir etki yarat\u0131n.<\/p><p><\/p>","protected":false},"excerpt":{"rendered":"<p>Fason Kozmetik \u00dcretimi | Turunch Cosmetics ile i\u015f ortakl\u0131\u011f\u0131 kurmak, kozmetik sekt\u00f6r\u00fcne girmek isteyen veya mevcut markas\u0131n\u0131 b\u00fcy\u00fctmeyi hedefleyen giri\u015fimciler<\/p>\n","protected":false},"author":3,"featured_media":10747,"comment_status":"open","ping_status":"open","sticky":false,"template":"","format":"standard","meta":{"_joinchat":[],"footnotes":""},"categories":[333],"tags":[],"class_list":["post-10742","post","type-post","status-publish","format-standard","has-post-thumbnail","hentry","category-ar-ge-calismasi"],"_links":{"self":[{"href":"https:\/\/www.turunch.net\/cosmetic\/wp-json\/wp\/v2\/posts\/10742","targetHints":{"allow":["GET"]}}],"collection":[{"href":"https:\/\/www.turunch.net\/cosmetic\/wp-json\/wp\/v2\/posts"}],"about":[{"href":"https:\/\/www.turunch.net\/cosmetic\/wp-json\/wp\/v2\/types\/post"}],"author":[{"embeddable":true,"href":"https:\/\/www.turunch.net\/cosmetic\/wp-json\/wp\/v2\/users\/3"}],"replies":[{"embeddable":true,"href":"https:\/\/www.turunch.net\/cosmetic\/wp-json\/wp\/v2\/comments?post=10742"}],"version-history":[{"count":2,"href":"https:\/\/www.turunch.net\/cosmetic\/wp-json\/wp\/v2\/posts\/10742\/revisions"}],"predecessor-version":[{"id":10748,"href":"https:\/\/www.turunch.net\/cosmetic\/wp-json\/wp\/v2\/posts\/10742\/revisions\/10748"}],"wp:featuredmedia":[{"embeddable":true,"href":"https:\/\/www.turunch.net\/cosmetic\/wp-json\/wp\/v2\/media\/10747"}],"wp:attachment":[{"href":"https:\/\/www.turunch.net\/cosmetic\/wp-json\/wp\/v2\/media?parent=10742"}],"wp:term":[{"taxonomy":"category","embeddable":true,"href":"https:\/\/www.turunch.net\/cosmetic\/wp-json\/wp\/v2\/categories?post=10742"},{"taxonomy":"post_tag","embeddable":true,"href":"https:\/\/www.turunch.net\/cosmetic\/wp-json\/wp\/v2\/tags?post=10742"}],"curies":[{"name":"wp","href":"https:\/\/api.w.org\/{rel}","templated":true}]}}