{"id":10655,"date":"2025-08-19T09:42:19","date_gmt":"2025-08-19T06:42:19","guid":{"rendered":"https:\/\/www.turunch.net\/cosmetic\/?p=10655"},"modified":"2025-08-12T09:44:27","modified_gmt":"2025-08-12T06:44:27","slug":"modern-tasarimdan-klasik-sikliga-ambalajda-trendlerden-ilham-alin","status":"publish","type":"post","link":"https:\/\/www.turunch.net\/cosmetic\/blog\/modern-tasarimdan-klasik-sikliga-ambalajda-trendlerden-ilham-alin\/","title":{"rendered":"Modern Tasar\u0131mdan Klasik \u015e\u0131kl\u0131\u011fa: Ambalajda Trendlerden \u0130lham Al\u0131n"},"content":{"rendered":"<p>Kozmetik \u00fcr\u00fcnlerinde ambalaj, sadece estetik bir detay de\u011fil; markan\u0131n karakterini, kalite alg\u0131s\u0131n\u0131 ve m\u00fc\u015fteriyle ilk temas\u0131n\u0131 belirleyen stratejik bir unsurdur. Bug\u00fcn raflarda y\u00fczlerce \u00fcr\u00fcn\u00fcn aras\u0131nda \u00f6ne \u00e7\u0131kmak istiyorsan\u0131z, sadece form\u00fcl\u00fcn\u00fczle de\u011fil, ambalaj\u0131n\u0131zla da fark yaratmal\u0131s\u0131n\u0131z. Minimal \u00e7izgilerden l\u00fcks dokunu\u015flara, do\u011fall\u0131k vurgusundan teknolojik tasar\u0131mlara kadar uzanan ambalaj trendleri, t\u00fcketici kararlar\u0131n\u0131 do\u011frudan etkiliyor.<\/p><figure class=\"wp-block-image size-full\"><img loading=\"lazy\" decoding=\"async\" width=\"800\" height=\"522\" src=\"https:\/\/www.turunch.net\/cosmetic\/wp-content\/uploads\/2025\/01\/sac\u0327-bakimi.png\" alt=\"\" class=\"wp-image-10337\" srcset=\"https:\/\/www.turunch.net\/cosmetic\/wp-content\/uploads\/2025\/01\/sac\u0327-bakimi.png 800w, https:\/\/www.turunch.net\/cosmetic\/wp-content\/uploads\/2025\/01\/sac\u0327-bakimi-400x261.png 400w, https:\/\/www.turunch.net\/cosmetic\/wp-content\/uploads\/2025\/01\/sac\u0327-bakimi-768x501.png 768w, https:\/\/www.turunch.net\/cosmetic\/wp-content\/uploads\/2025\/01\/sac\u0327-bakimi-18x12.png 18w, https:\/\/www.turunch.net\/cosmetic\/wp-content\/uploads\/2025\/01\/sac\u0327-bakimi-430x281.png 430w, https:\/\/www.turunch.net\/cosmetic\/wp-content\/uploads\/2025\/01\/sac\u0327-bakimi-700x457.png 700w, https:\/\/www.turunch.net\/cosmetic\/wp-content\/uploads\/2025\/01\/sac\u0327-bakimi-150x98.png 150w\" sizes=\"auto, (max-width: 800px) 100vw, 800px\" \/><\/figure><h2 class=\"wp-block-heading\"><strong>Kozmetik Ambalaj Tasar\u0131m\u0131n\u0131n Marka \u00dczerindeki Etkisi<\/strong><\/h2><p>Ambalaj, bir kozmetik markas\u0131n\u0131n d\u0131\u015fa bakan y\u00fcz\u00fcd\u00fcr. T\u00fcketici \u00fcr\u00fcn\u00fc hen\u00fcz kullanmadan \u00f6nce ambalaj\u0131 g\u00f6r\u00fcr, dokunur ve hisseder. Bu ilk izlenim, \u00fcr\u00fcn\u00fcn kalitesi ve g\u00fcvenilirli\u011fi hakk\u0131nda fikir olu\u015fturur. Kozmetik ambalaj tasar\u0131m\u0131, ayn\u0131 zamanda \u00fcr\u00fcn segmentasyonunda da belirleyicidir. \u00d6rne\u011fin; l\u00fcks segmentte mat dokulu, alt\u0131n detayl\u0131 ambalajlar tercih edilirken; do\u011fal i\u00e7erikli \u00fcr\u00fcnlerde kraft ka\u011f\u0131t, cam \u015fi\u015fe ve pastel tonlar \u00f6ne \u00e7\u0131kar.<\/p><h2 class=\"wp-block-heading\"><strong>2025\u2019in \u00d6ne \u00c7\u0131kan Ambalaj Trendleri<\/strong><\/h2><p>Her y\u0131l kozmetik sekt\u00f6r\u00fcnde tasar\u0131m trendleri de\u011fi\u015fiyor. 2025 itibar\u0131yla \u00f6ne \u00e7\u0131kan baz\u0131 ak\u0131mlar \u015funlard\u0131r:<\/p><ul class=\"wp-block-list\"><li><strong>Minimalizm:<\/strong> Az renk, net tipografi ve sade \u00e7izgilerle \u015f\u0131kl\u0131k yaratma<\/li>\n\n<li><strong>S\u00fcrd\u00fcr\u00fclebilir Ambalaj:<\/strong> Geri d\u00f6n\u00fc\u015ft\u00fcr\u00fclebilir materyaller, tekrar doldurulabilir ambalajlar<\/li>\n\n<li><strong>\u015eeffafl\u0131k:<\/strong> Hem kelime anlam\u0131yla (\u015feffaf ambalajlar) hem de i\u00e7erik a\u00e7\u0131kl\u0131\u011f\u0131nda netlik<\/li>\n\n<li><strong>Dokunsal Deneyim:<\/strong> Y\u00fczeyi farkl\u0131la\u015ft\u0131ran kabartma, doku ya da mat\/parlak ge\u00e7i\u015fler<\/li>\n\n<li><strong>Renk Bloklar\u0131 ve Geometrik Formlar:<\/strong> \u00d6zellikle gen\u00e7 kitleye hitap eden ambalaj tarzlar\u0131<br><\/li><\/ul><p>Ambalaj tasar\u0131m\u0131nda bu trendleri uygulamak, markan\u0131z\u0131n \u00e7a\u011fda\u015f ve vizyoner g\u00f6r\u00fcnmesini sa\u011flar.<\/p><h2 class=\"wp-block-heading\"><strong>S\u00fcrd\u00fcr\u00fclebilir Ambalaj: Art\u0131k L\u00fcks De\u011fil, Zorunluluk<\/strong><\/h2><p>Kozmetik ambalajlar\u0131nda s\u00fcrd\u00fcr\u00fclebilirlik, sadece do\u011fa dostu olman\u0131n \u00f6tesinde bir marka duru\u015fudur. Plastik kullan\u0131m\u0131n\u0131 azaltmak, geri d\u00f6n\u00fc\u015ft\u00fcr\u00fclebilir materyallere y\u00f6nelmek ve karbon ayak izini d\u00fc\u015f\u00fcrmek art\u0131k hem t\u00fcketici hem de d\u00fczenleyici kurumlar a\u00e7\u0131s\u0131ndan bir gereklilik haline geldi. Bu noktada \u00fcreticiyle birlikte \u00e7evreci \u00e7\u00f6z\u00fcmler geli\u015ftirmek, markan\u0131z\u0131n de\u011ferini y\u00fckseltir. Geri d\u00f6n\u00fc\u015ft\u00fcr\u00fclm\u00fc\u015f PET, cam \u015fi\u015feler, kraft kutular ve bambu kapaklar gibi alternatifler hem \u015f\u0131k hem de do\u011fa dostu tercihlerdir.<\/p><figure class=\"wp-block-image size-full\"><img loading=\"lazy\" decoding=\"async\" width=\"1024\" height=\"683\" src=\"https:\/\/www.turunch.net\/cosmetic\/wp-content\/uploads\/2025\/01\/Turunch-Depo.jpg\" alt=\"\" class=\"wp-image-10315\" srcset=\"https:\/\/www.turunch.net\/cosmetic\/wp-content\/uploads\/2025\/01\/Turunch-Depo.jpg 1024w, https:\/\/www.turunch.net\/cosmetic\/wp-content\/uploads\/2025\/01\/Turunch-Depo-400x267.jpg 400w, https:\/\/www.turunch.net\/cosmetic\/wp-content\/uploads\/2025\/01\/Turunch-Depo-768x512.jpg 768w, https:\/\/www.turunch.net\/cosmetic\/wp-content\/uploads\/2025\/01\/Turunch-Depo-18x12.jpg 18w, https:\/\/www.turunch.net\/cosmetic\/wp-content\/uploads\/2025\/01\/Turunch-Depo-430x287.jpg 430w, https:\/\/www.turunch.net\/cosmetic\/wp-content\/uploads\/2025\/01\/Turunch-Depo-700x467.jpg 700w, https:\/\/www.turunch.net\/cosmetic\/wp-content\/uploads\/2025\/01\/Turunch-Depo-150x100.jpg 150w\" sizes=\"auto, (max-width: 1024px) 100vw, 1024px\" \/><\/figure><h2 class=\"wp-block-heading\"><strong>Ambalajda Fonksiyonel Tasar\u0131m\u0131n \u00d6nemi<\/strong><\/h2><p>G\u00f6rsel esteti\u011fin yan\u0131nda, ambalaj\u0131n fonksiyonelli\u011fi de \u00fcr\u00fcn ba\u015far\u0131s\u0131n\u0131 etkiler. Kullan\u0131m kolayl\u0131\u011f\u0131, s\u0131zd\u0131rmazl\u0131k, hava ge\u00e7irmezlik ve ergonomik form fakt\u00f6rleri t\u00fcketici memnuniyetini do\u011frudan etkiler. \u00d6rne\u011fin; serum \u015fi\u015felerinde damlal\u0131kl\u0131 ba\u015fl\u0131klar, sa\u00e7 \u00fcr\u00fcnlerinde kolay p\u00fcsk\u00fcrtmeli mekanizmalar, v\u00fccut losyonlar\u0131nda pompal\u0131 sistemler fonksiyonellik a\u00e7\u0131s\u0131ndan \u00f6ne \u00e7\u0131kar. Fonksiyonel ve estetik tasar\u0131m\u0131 bir araya getirmek markaya olan ba\u011fl\u0131l\u0131\u011f\u0131 art\u0131r\u0131r.<\/p><h2 class=\"wp-block-heading\"><strong>Ambalaj Tasar\u0131m\u0131 ile Marka Hikayesi Nas\u0131l Anlat\u0131l\u0131r?<\/strong><\/h2><p>T\u00fcketiciler art\u0131k sadece \u00fcr\u00fcn de\u011fil, bir ya\u015fam tarz\u0131 sat\u0131n al\u0131yor. Bu y\u00fczden ambalaj, markan\u0131z\u0131n hik\u00e2yesini g\u00f6rsel olarak anlatabilmeli. Renk paleti, tipografi, logo yerle\u015fimi, ikonografi ve etiket dili markan\u0131z\u0131n ki\u015fili\u011fini yans\u0131t\u0131r. Do\u011fal i\u00e7erikli bir \u00fcr\u00fcn i\u00e7in el yaz\u0131s\u0131 fontlar ve toprak tonlar\u0131 kullan\u0131labilirken, bilimsel temelli dermokozmetik \u00fcr\u00fcnlerde daha net \u00e7izgiler ve mavi-beyaz renkler tercih edilebilir. Ambalaj, markan\u0131z\u0131n ses tonunu ve vaadini yans\u0131tan bir mecra haline d\u00f6n\u00fc\u015fmelidir.<\/p><h2 class=\"wp-block-heading\"><strong>\u00dcretim S\u00fcrecinde Tasar\u0131m ve Teknik Uyum<\/strong><\/h2><p>Ambalaj sadece tasarlanmakla kalmaz; \u00fcretilebilir, doldurulabilir, etiketlenebilir ve raf \u00f6mr\u00fc boyunca sa\u011flam kalacak \u015fekilde teknik olarak planlanmal\u0131d\u0131r. \u00dcretici firma ile \u00e7al\u0131\u015f\u0131rken yaln\u0131zca g\u00f6rsel de\u011fil, teknik olarak uygulanabilir tasar\u0131mlar geli\u015ftirmeniz gerekir. Bask\u0131 teknikleri, etiket malzemesi, kapak-materyal uyumu gibi detaylar g\u00f6z \u00f6n\u00fcnde bulundurulmal\u0131d\u0131r. Tasar\u0131m s\u00fcreci ile \u00fcretim hatt\u0131n\u0131n entegre ilerlemesi, zaman ve maliyet a\u00e7\u0131s\u0131ndan b\u00fcy\u00fck avantaj sa\u011flar.<\/p><h2 class=\"wp-block-heading\"><strong>Ambalajda Do\u011fru Tedarik\u00e7i ile \u00c7al\u0131\u015fman\u0131n Avantaj\u0131<\/strong><\/h2><p>Ambalaj tasar\u0131m\u0131 s\u00fcrecinde yaln\u0131zca bir grafik tasar\u0131mc\u0131yla de\u011fil, \u00fcretim s\u00fcre\u00e7lerini bilen bir teknik ekiple de ilerlemeniz gerekir. Kozmetik ambalaj \u00fcretiminde deneyimli bir tedarik\u00e7i; size form, malzeme ve i\u015flevsellik konular\u0131nda dan\u0131\u015fmanl\u0131k yapabilir, farkl\u0131 segmentlere \u00f6zel \u00e7\u00f6z\u00fcmler sunabilir. \u00dcstelik ambalaj\u0131n pazarlama stratejinize entegre olmas\u0131n\u0131 sa\u011flar. B\u00f6ylece \u00fcr\u00fcn\u00fcn\u00fcz sadece g\u00fczel g\u00f6r\u00fcnmekle kalmaz, rafta ger\u00e7ek anlamda tercih edilir hale gelir.<\/p><p>Kozmetik d\u00fcnyas\u0131nda ambalaj, sessiz ama \u00e7ok g\u00fc\u00e7l\u00fc bir ileti\u015fim arac\u0131d\u0131r. Markan\u0131z\u0131n kimli\u011fini temsil eder, de\u011ferlerini yans\u0131t\u0131r ve t\u00fcketiciyle ilk ba\u011f\u0131 kurar. Modern trendlerden ilham alarak haz\u0131rlanm\u0131\u015f, i\u015flevsel ve s\u00fcrd\u00fcr\u00fclebilir ambalajlar; yaln\u0131zca \u00fcr\u00fcn satmaz, marka sadakati yarat\u0131r. Do\u011fru stratejiyle tasarlanm\u0131\u015f bir ambalaj, markan\u0131z\u0131 bir ad\u0131m \u00f6ne ta\u015f\u0131r.<\/p>","protected":false},"excerpt":{"rendered":"<p>Kozmetik \u00fcr\u00fcnlerinde ambalaj, sadece estetik bir detay de\u011fil; markan\u0131n karakterini, kalite alg\u0131s\u0131n\u0131 ve m\u00fc\u015fteriyle ilk temas\u0131n\u0131 belirleyen stratejik bir unsurdur.<\/p>\n","protected":false},"author":3,"featured_media":10337,"comment_status":"open","ping_status":"open","sticky":false,"template":"","format":"standard","meta":{"_joinchat":[],"footnotes":""},"categories":[1],"tags":[],"class_list":["post-10655","post","type-post","status-publish","format-standard","has-post-thumbnail","hentry","category-genel"],"_links":{"self":[{"href":"https:\/\/www.turunch.net\/cosmetic\/wp-json\/wp\/v2\/posts\/10655","targetHints":{"allow":["GET"]}}],"collection":[{"href":"https:\/\/www.turunch.net\/cosmetic\/wp-json\/wp\/v2\/posts"}],"about":[{"href":"https:\/\/www.turunch.net\/cosmetic\/wp-json\/wp\/v2\/types\/post"}],"author":[{"embeddable":true,"href":"https:\/\/www.turunch.net\/cosmetic\/wp-json\/wp\/v2\/users\/3"}],"replies":[{"embeddable":true,"href":"https:\/\/www.turunch.net\/cosmetic\/wp-json\/wp\/v2\/comments?post=10655"}],"version-history":[{"count":1,"href":"https:\/\/www.turunch.net\/cosmetic\/wp-json\/wp\/v2\/posts\/10655\/revisions"}],"predecessor-version":[{"id":10656,"href":"https:\/\/www.turunch.net\/cosmetic\/wp-json\/wp\/v2\/posts\/10655\/revisions\/10656"}],"wp:featuredmedia":[{"embeddable":true,"href":"https:\/\/www.turunch.net\/cosmetic\/wp-json\/wp\/v2\/media\/10337"}],"wp:attachment":[{"href":"https:\/\/www.turunch.net\/cosmetic\/wp-json\/wp\/v2\/media?parent=10655"}],"wp:term":[{"taxonomy":"category","embeddable":true,"href":"https:\/\/www.turunch.net\/cosmetic\/wp-json\/wp\/v2\/categories?post=10655"},{"taxonomy":"post_tag","embeddable":true,"href":"https:\/\/www.turunch.net\/cosmetic\/wp-json\/wp\/v2\/tags?post=10655"}],"curies":[{"name":"wp","href":"https:\/\/api.w.org\/{rel}","templated":true}]}}