{"id":10459,"date":"2025-04-28T15:18:10","date_gmt":"2025-04-28T12:18:10","guid":{"rendered":"https:\/\/www.turunch.net\/cosmetic\/?p=10459"},"modified":"2025-04-28T15:39:07","modified_gmt":"2025-04-28T12:39:07","slug":"markaniza-deger-katacak-ozel-uretim-kozmetik-cozumleri","status":"publish","type":"post","link":"https:\/\/www.turunch.net\/cosmetic\/blog\/markaniza-deger-katacak-ozel-uretim-kozmetik-cozumleri\/","title":{"rendered":"Markan\u0131za De\u011fer Katacak \u00d6zel \u00dcretim Kozmetik \u00c7\u00f6z\u00fcmleri"},"content":{"rendered":"<p>Kozmetik sekt\u00f6r\u00fcnde y\u00fckselmenin yolu art\u0131k yaln\u0131zca kaliteli \u00fcr\u00fcnler sunmaktan ge\u00e7miyor. T\u00fcketiciler daha bilin\u00e7li, daha se\u00e7ici ve daha \u00f6zg\u00fcn alternatifler ar\u0131yor. Ba\u015fka bir deyi\u015fle, ba\u015far\u0131l\u0131 bir kozmetik markas\u0131 olu\u015fturmak i\u00e7in standartlar\u0131n \u00f6tesine ge\u00e7mek \u015fart hale geldi. \u0130\u015fte tam bu noktada devreye \u201c\u00f6zel \u00fcretim kozmetik \u00e7\u00f6z\u00fcmleri\u201d giriyor. Kendi markas\u0131na sahip olmak isteyen giri\u015fimcilerden b\u00fcy\u00fck otel zincirlerine kadar bir\u00e7ok profesyonel, \u00f6zel \u00fcretim avantajlar\u0131ndan yararlanarak hem prestijli hem de s\u00fcrd\u00fcr\u00fclebilir markalar in\u015fa ediyor.<\/p><p><strong><a href=\"https:\/\/www.turunch.net\/cosmetic\/iletisim\/\">Private label \u00fcretim<\/a><\/strong> sayesinde, yaln\u0131zca \u00fcr\u00fcn sahipli\u011fi elde etmekle kalmaz; ayn\u0131 zamanda i\u00e7erikten ambalaja kadar her noktay\u0131 markan\u0131z\u0131n karakteriyle uyumlu hale getirme f\u0131rsat\u0131na sahip olursunuz. Bu sayede, sadece bir \u00fcr\u00fcn\u00fc piyasaya s\u00fcrmekten \u00e7ok daha fazlas\u0131n\u0131 yapar, g\u00fc\u00e7l\u00fc bir marka deneyimi yaratabilirsiniz.<\/p><div class=\"wp-block-image\"><figure class=\"alignleft size-full is-resized\"><img loading=\"lazy\" decoding=\"async\" width=\"700\" height=\"350\" src=\"https:\/\/www.turunch.net\/cosmetic\/wp-content\/uploads\/2025\/04\/3-6.png\" alt=\"Mavi su efekti \u00fczerinde beyaz t\u00fcp formunda kozmetik \u00fcr\u00fcn\u00fc.\" class=\"wp-image-10462\" style=\"width:493px;height:auto\" srcset=\"https:\/\/www.turunch.net\/cosmetic\/wp-content\/uploads\/2025\/04\/3-6.png 700w, https:\/\/www.turunch.net\/cosmetic\/wp-content\/uploads\/2025\/04\/3-6-400x200.png 400w, https:\/\/www.turunch.net\/cosmetic\/wp-content\/uploads\/2025\/04\/3-6-18x9.png 18w, https:\/\/www.turunch.net\/cosmetic\/wp-content\/uploads\/2025\/04\/3-6-430x215.png 430w, https:\/\/www.turunch.net\/cosmetic\/wp-content\/uploads\/2025\/04\/3-6-150x75.png 150w\" sizes=\"auto, (max-width: 700px) 100vw, 700px\" \/><figcaption class=\"wp-element-caption\">\u00d6zel \u00fcretim kozmetik \u00e7\u00f6z\u00fcmleriyle \u015f\u0131k ve modern \u00fcr\u00fcn tasar\u0131mlar\u0131.<\/figcaption><\/figure><\/div><h3 class=\"wp-block-heading\"><strong>Ki\u015fiye \u00d6zel Form\u00fcllerle Hedef Kitlenize Uygun \u00dcr\u00fcnler Geli\u015ftirin<\/strong><\/h3><p>Kozmetik t\u00fcketicileri art\u0131k \u00fcr\u00fcnlerin i\u00e7eriklerini detayl\u0131ca inceliyor, cilt tipine ya da ya\u015fam tarz\u0131na uygun form\u00fclasyonlar ar\u0131yor. Bu nedenle, her marka i\u00e7in \u201cki\u015fiselle\u015ftirilmi\u015f\u201d bir \u00fcr\u00fcn geli\u015ftirme s\u00fcreci hayati \u00f6neme sahiptir. Turunch Kozmetik, markalar\u0131n hedef kitlesini analiz ederek i\u00e7erik planlamas\u0131n\u0131 bu do\u011frultuda yapar. \u00d6rne\u011fin kuru ciltlere \u00f6zel aloe vera bazl\u0131 bir nemlendirici ya da y\u0131pranm\u0131\u015f sa\u00e7lara \u00f6zel keratin destekli bir \u015fampuan gibi \u00fcr\u00fcnler, belirli bir ihtiyac\u0131 do\u011frudan hedefler.<\/p><p>Bu ki\u015fiselle\u015ftirme sadece i\u015flevsellik a\u00e7\u0131s\u0131ndan de\u011fil, ayn\u0131 zamanda markala\u015fma s\u00fcrecinde de b\u00fcy\u00fck katk\u0131 sa\u011flar. \u00dcr\u00fcn etiketine yaz\u0131lan \u201cya\u011fl\u0131 ciltlere \u00f6zel\u201d ibaresi ya da \u201crenklendirilmemi\u015f do\u011fal form\u00fcl\u201d detay\u0131 bile m\u00fc\u015fterinin g\u00fcvenini kazanmak i\u00e7in g\u00fc\u00e7l\u00fc bir etkendir. Ayr\u0131ca ki\u015fiye \u00f6zel \u00fcr\u00fcnler, kullan\u0131c\u0131lar\u0131n \u201cbu \u00fcr\u00fcn tam da bana g\u00f6re\u201d hissini ya\u015famas\u0131n\u0131 sa\u011flar. Bu da m\u00fc\u015fteri sadakati a\u00e7\u0131s\u0131ndan b\u00fcy\u00fck bir avantajd\u0131r.<\/p><p>\u00d6zellikle g\u00fcn\u00fcm\u00fczde artan vegan, cruelty-free ve do\u011fa dostu i\u00e7erik talepleri d\u00fc\u015f\u00fcn\u00fcld\u00fc\u011f\u00fcnde; \u00f6zel \u00fcretim s\u00fcrecinde bu talepleri kar\u015f\u0131layan form\u00fclasyonlar geli\u015ftirmek, markan\u0131z\u0131 \u00e7a\u011f\u0131n gereklerine uyumlu hale getirir. Bu nedenle sadece k\u00e2r amac\u0131yla de\u011fil, ayn\u0131 zamanda de\u011fer yaratmak i\u00e7in de form\u00fclasyon s\u00fcrecine yat\u0131r\u0131m yapmak gerekir.<\/p><h3 class=\"wp-block-heading\"><strong>Ambalaj Tasar\u0131m\u0131 ile Marka Kimli\u011finizi G\u00fc\u00e7lendirin<\/strong><\/h3><p>Bir \u00fcr\u00fcn\u00fcn raflarda ilk fark edilen \u00f6zelli\u011fi ambalaj\u0131d\u0131r. \u0130\u00e7eri\u011fi ne kadar kaliteli olursa olsun, d\u0131\u015f g\u00f6r\u00fcn\u00fcm yeterince etkileyici de\u011filse t\u00fcketici o \u00fcr\u00fcne ikinci kez bakmayabilir. Ambalaj yaln\u0131zca bir ta\u015f\u0131y\u0131c\u0131 de\u011fil; markan\u0131n dili, kimli\u011fi ve vaadini d\u0131\u015f d\u00fcnyaya ileten en etkili unsurdur. Bu nedenle ambalaj tasar\u0131m\u0131, \u00fcr\u00fcn geli\u015ftirme s\u00fcrecinin ayr\u0131lmaz bir par\u00e7as\u0131 olmal\u0131d\u0131r.<\/p><p>Turunch Kozmetik, estetik ile i\u015flevselli\u011fi bir araya getiren ambalaj \u00e7\u00f6z\u00fcmleri sunarak markan\u0131z\u0131n g\u00f6rsel g\u00fcc\u00fcn\u00fc art\u0131r\u0131r. Minimal, sade, modern ya da l\u00fcks\u2026 Hedefledi\u011finiz m\u00fc\u015fteri profiline g\u00f6re ambalaj dili \u015fekillendirilir. Mesela spa merkezleri i\u00e7in daha do\u011fal ve huzur veren tonlarda tasarlanm\u0131\u015f cam \u015fi\u015feler tercih edilirken, gen\u00e7lere hitap eden markalar i\u00e7in enerjik renk paletleri ve pratik ambalajlar \u00f6ne \u00e7\u0131kar.<\/p><p>Ayr\u0131ca ambalaj sadece g\u00f6rsel bir tasar\u0131m de\u011fildir. Kullan\u0131c\u0131 deneyimi a\u00e7\u0131s\u0131ndan da b\u00fcy\u00fck rol oynar. S\u0131k\u00e7a kullan\u0131lan \u00fcr\u00fcnlerde pompal\u0131 sistemler ya da seyahat boy ambalajlar b\u00fcy\u00fck kolayl\u0131k sa\u011flar. Ambalaj\u0131n sa\u011flaml\u0131\u011f\u0131, s\u0131zd\u0131rmazl\u0131k \u00f6zelli\u011fi, \u00e7evre dostu olmas\u0131 ve geri d\u00f6n\u00fc\u015f\u00fcme uygunlu\u011fu gibi detaylar; art\u0131k t\u00fcketicilerin karar verme s\u00fcrecinde ciddi rol oynayan kriterler aras\u0131nda yer al\u0131yor.<\/p><p>Ambalaj tasar\u0131m\u0131na yat\u0131r\u0131m yapmak, k\u0131sa vadeli bir estetik dokunu\u015f de\u011fil, uzun vadeli marka alg\u0131s\u0131n\u0131 in\u015fa etme s\u00fcrecidir. \u00c7\u00fcnk\u00fc t\u00fcketici, ambalaj\u0131 g\u00f6rd\u00fc\u011f\u00fcnde \u201cbu marka profesyonel\u201d diyebilmeli. Bu nedenle ambalaj yaln\u0131zca paketleme de\u011fil, ayn\u0131 zamanda markan\u0131n d\u0131\u015far\u0131ya a\u00e7\u0131lan y\u00fcz\u00fcd\u00fcr.<\/p><div class=\"wp-block-image\"><figure class=\"alignright size-full\"><img loading=\"lazy\" decoding=\"async\" width=\"700\" height=\"350\" src=\"https:\/\/www.turunch.net\/cosmetic\/wp-content\/uploads\/2025\/04\/2-6.png\" alt=\"Ah\u015fap kapakl\u0131 kozmetik kavanozlar\u0131 ve damlal\u0131kl\u0131 \u015fi\u015feler, do\u011fal \u0131\u015f\u0131kta sergileniyor.\" class=\"wp-image-10461\" srcset=\"https:\/\/www.turunch.net\/cosmetic\/wp-content\/uploads\/2025\/04\/2-6.png 700w, https:\/\/www.turunch.net\/cosmetic\/wp-content\/uploads\/2025\/04\/2-6-400x200.png 400w, https:\/\/www.turunch.net\/cosmetic\/wp-content\/uploads\/2025\/04\/2-6-18x9.png 18w, https:\/\/www.turunch.net\/cosmetic\/wp-content\/uploads\/2025\/04\/2-6-430x215.png 430w, https:\/\/www.turunch.net\/cosmetic\/wp-content\/uploads\/2025\/04\/2-6-150x75.png 150w\" sizes=\"auto, (max-width: 700px) 100vw, 700px\" \/><figcaption class=\"wp-element-caption\">Kozmetik \u00fcr\u00fcnleriniz i\u00e7in estetik ve s\u00fcrd\u00fcr\u00fclebilir ambalaj \u00e7\u00f6z\u00fcmleri.<\/figcaption><\/figure><\/div><h3 class=\"wp-block-heading\"><strong>Turunch Kalitesiyle Fark Yaratan \u00dcr\u00fcn Serileri Olu\u015fturun<\/strong><\/h3><p>Kozmetik sekt\u00f6r\u00fc, kaliteye en duyarl\u0131 sekt\u00f6rlerden biridir. T\u00fcketicinin cildiyle, sa\u00e7\u0131yla ve sa\u011fl\u0131\u011f\u0131yla do\u011frudan temas eden \u00fcr\u00fcnlerin \u00fcretim s\u00fcre\u00e7leri mutlak hijyen, bilimsel altyap\u0131 ve y\u00fcksek kalite standartlar\u0131 gerektirir. Turunch Kozmetik bu noktada, \u00fcretim tesislerinde ISO 22716 ve GMP sertifikalar\u0131na uygun \u00fcretim yaparak g\u00fcvenli \u00fcr\u00fcn garantisi sunar. Bu da markan\u0131z\u0131n arkas\u0131ndaki g\u00fcc\u00fcn profesyonel bir altyap\u0131 oldu\u011funu g\u00f6sterir.<\/p><p>Bir \u00fcr\u00fcn\u00fcn yaln\u0131zca \u00fcretim kalitesi de\u011fil, \u00fcr\u00fcn serisinin b\u00fct\u00fcn\u00fc de \u00f6nemlidir. Ayn\u0131 hedef kitleye hitap eden birden fazla \u00fcr\u00fcnle olu\u015fturulan b\u00fct\u00fcnc\u00fcl seriler; hem sat\u0131\u015flar\u0131 art\u0131r\u0131r hem de marka sadakatini peki\u015ftirir. \u00d6rne\u011fin; bir sa\u00e7 bak\u0131m serisi i\u00e7inde \u015fampuan, sa\u00e7 kremi, maske ve serum gibi \u00fcr\u00fcnleri ayn\u0131 konseptle sunmak; m\u00fc\u015fterinin o markaya olan ba\u011fl\u0131l\u0131\u011f\u0131n\u0131 art\u0131r\u0131r.<\/p><p>Turunch, yaln\u0131zca \u00fcretici de\u011fil; ayn\u0131 zamanda stratejik bir i\u015f orta\u011f\u0131 gibi hareket eder. Sizin yerinize sekt\u00f6rel trendleri takip eder, AR-GE departman\u0131yla yeni i\u00e7erikler \u00f6nerir, form\u00fclasyonlar\u0131 test eder ve numune s\u00fcre\u00e7lerini titizlikle y\u00f6netir. Bu da \u00fcretim s\u00fcrecinin sadece teknik de\u011fil; ayn\u0131 zamanda yarat\u0131c\u0131 bir yolculuk haline gelmesini sa\u011flar.<\/p><p>\u00dcstelik bu \u00fcr\u00fcn serileri sadece yerel pazarda de\u011fil, ihracat hedefi olan markalar i\u00e7in de g\u00fc\u00e7l\u00fc bir ba\u015flang\u0131\u00e7 noktas\u0131d\u0131r. Uluslararas\u0131 pazarlar\u0131n beklentilerine uygun olarak geli\u015ftirilen \u00fcr\u00fcnler sayesinde markan\u0131z farkl\u0131 \u00fclkelerde de rekabet edebilir hale gelir.<\/p><h3 class=\"wp-block-heading\"><strong>Sonu\u00e7: Kaliteli ve \u00d6zelle\u015ftirilmi\u015f \u00dcretim, Markan\u0131z\u0131n G\u00fcc\u00fcn\u00fc Art\u0131r\u0131r<\/strong><\/h3><p>Bir kozmetik markas\u0131n\u0131 sadece raflara yerle\u015ftirmek de\u011fil, onunla birlikte bir hik\u00e2ye yazmak gerekir. Bu hik\u00e2yenin inand\u0131r\u0131c\u0131 ve s\u00fcrd\u00fcr\u00fclebilir olabilmesi i\u00e7in her ad\u0131mda g\u00fcvenilir bir \u00fcretim orta\u011f\u0131yla \u00e7al\u0131\u015fmak b\u00fcy\u00fck \u00f6nem ta\u015f\u0131r. Bu nedenle \u00f6zel \u00fcretim kozmetik \u00e7\u00f6z\u00fcmleri, yaln\u0131zca \u00fcr\u00fcn geli\u015ftirmekten \u00f6teye ge\u00e7er ve markan\u0131z\u0131 g\u00fc\u00e7l\u00fc bir konuma ta\u015f\u0131r. Turunch Kozmetik\u2019in sundu\u011fu kalite, \u00f6zelle\u015ftirme ve yarat\u0131c\u0131 destek ile markan\u0131z\u0131 fark edilir ve unutulmaz k\u0131labilirsiniz.<\/p>","protected":false},"excerpt":{"rendered":"<p>Kozmetik sekt\u00f6r\u00fcnde y\u00fckselmenin yolu art\u0131k yaln\u0131zca kaliteli \u00fcr\u00fcnler sunmaktan ge\u00e7miyor. T\u00fcketiciler daha bilin\u00e7li, daha se\u00e7ici ve daha \u00f6zg\u00fcn alternatifler ar\u0131yor.<\/p>\n","protected":false},"author":1,"featured_media":10460,"comment_status":"open","ping_status":"open","sticky":false,"template":"","format":"standard","meta":{"_joinchat":[],"footnotes":""},"categories":[157],"tags":[],"class_list":["post-10459","post","type-post","status-publish","format-standard","has-post-thumbnail","hentry","category-fason-uretim-hizmetleri"],"_links":{"self":[{"href":"https:\/\/www.turunch.net\/cosmetic\/wp-json\/wp\/v2\/posts\/10459","targetHints":{"allow":["GET"]}}],"collection":[{"href":"https:\/\/www.turunch.net\/cosmetic\/wp-json\/wp\/v2\/posts"}],"about":[{"href":"https:\/\/www.turunch.net\/cosmetic\/wp-json\/wp\/v2\/types\/post"}],"author":[{"embeddable":true,"href":"https:\/\/www.turunch.net\/cosmetic\/wp-json\/wp\/v2\/users\/1"}],"replies":[{"embeddable":true,"href":"https:\/\/www.turunch.net\/cosmetic\/wp-json\/wp\/v2\/comments?post=10459"}],"version-history":[{"count":1,"href":"https:\/\/www.turunch.net\/cosmetic\/wp-json\/wp\/v2\/posts\/10459\/revisions"}],"predecessor-version":[{"id":10463,"href":"https:\/\/www.turunch.net\/cosmetic\/wp-json\/wp\/v2\/posts\/10459\/revisions\/10463"}],"wp:featuredmedia":[{"embeddable":true,"href":"https:\/\/www.turunch.net\/cosmetic\/wp-json\/wp\/v2\/media\/10460"}],"wp:attachment":[{"href":"https:\/\/www.turunch.net\/cosmetic\/wp-json\/wp\/v2\/media?parent=10459"}],"wp:term":[{"taxonomy":"category","embeddable":true,"href":"https:\/\/www.turunch.net\/cosmetic\/wp-json\/wp\/v2\/categories?post=10459"},{"taxonomy":"post_tag","embeddable":true,"href":"https:\/\/www.turunch.net\/cosmetic\/wp-json\/wp\/v2\/tags?post=10459"}],"curies":[{"name":"wp","href":"https:\/\/api.w.org\/{rel}","templated":true}]}}