{"id":10403,"date":"2025-02-28T23:15:24","date_gmt":"2025-02-28T20:15:24","guid":{"rendered":"https:\/\/www.turunch.net\/cosmetic\/?p=10403"},"modified":"2025-02-28T23:15:26","modified_gmt":"2025-02-28T20:15:26","slug":"kozmetik-urunlerinde-ambalaj-ve-tasarimin-onemi","status":"publish","type":"post","link":"https:\/\/www.turunch.net\/cosmetic\/blog\/kozmetik-urunlerinde-ambalaj-ve-tasarimin-onemi\/","title":{"rendered":"Kozmetik \u00dcr\u00fcnlerinde Ambalaj ve Tasar\u0131m\u0131n \u00d6nemi"},"content":{"rendered":"<h1 class=\"wp-block-heading\"><\/h1><p>Kozmetik \u00fcr\u00fcnlerde ambalaj, yaln\u0131zca \u00fcr\u00fcn\u00fc korumakla kalmaz; ayn\u0131 zamanda markan\u0131n kimli\u011fini yans\u0131t\u0131r ve t\u00fcketiciyle ilk temas\u0131 kurar. Bir \u00fcr\u00fcn\u00fcn tasar\u0131m\u0131, t\u00fcketicinin sat\u0131n alma karar\u0131nda b\u00fcy\u00fck rol oynar. <a href=\"https:\/\/www.turunch.net\/cosmetic\/\">Turunch Cosmetics<\/a> olarak, \u00f6zg\u00fcn ve modern ambalaj tasar\u0131mlar\u0131yla i\u015f ortaklar\u0131m\u0131z\u0131n markalar\u0131n\u0131 g\u00fc\u00e7lendirmelerine yard\u0131mc\u0131 oluyoruz. Bu yaz\u0131da, ambalaj tasar\u0131m\u0131n\u0131n sat\u0131n alma davran\u0131\u015flar\u0131n\u0131 nas\u0131l etkiledi\u011fini ve s\u00fcrd\u00fcr\u00fclebilir ambalaj \u00e7\u00f6z\u00fcmlerimizin detaylar\u0131n\u0131 payla\u015faca\u011f\u0131z.<\/p><h2 class=\"wp-block-heading\"><strong>Ambalaj Tasar\u0131m\u0131 Sat\u0131n Alma Davran\u0131\u015f\u0131n\u0131 Nas\u0131l Etkiler?<\/strong><\/h2><p>Ambalaj tasar\u0131m\u0131, bir kozmetik \u00fcr\u00fcn\u00fcn rafta dikkat \u00e7ekmesini ve t\u00fcketici taraf\u0131ndan tercih edilmesini do\u011frudan etkileyen \u00f6nemli bir unsurdur. Bir \u00fcr\u00fcn\u00fcn g\u00f6rsel tasar\u0131m\u0131, t\u00fcketicinin o \u00fcr\u00fcnle ilgili alg\u0131s\u0131n\u0131 ve sat\u0131n alma karar\u0131n\u0131 \u015fekillendirir.<\/p><h3 class=\"wp-block-heading\"><strong>T\u00fcketici Alg\u0131s\u0131n\u0131 Etkileyen Fakt\u00f6rler:<\/strong><\/h3><ul class=\"wp-block-list\"><li><strong>Renk ve Grafik Tasar\u0131m:<\/strong> Ambalaj\u0131n renkleri, \u00fcr\u00fcn\u00fcn hangi ihtiya\u00e7lara hitap etti\u011fini anlat\u0131r. \u00d6rne\u011fin, do\u011fal i\u00e7erikli \u00fcr\u00fcnlerde ye\u015fil tonlar\u0131 tercih edilirken, l\u00fcks segmentte alt\u0131n veya siyah renkler \u00f6ne \u00e7\u0131kar.<\/li>\n\n<li><strong>Yaz\u0131 Tipi ve Bilgilendirme:<\/strong> Ambalaj \u00fczerindeki yaz\u0131 tipleri ve a\u00e7\u0131klamalar, \u00fcr\u00fcn\u00fcn kimli\u011fini ve kalitesini yans\u0131t\u0131r. A\u00e7\u0131k ve okunabilir bilgilendirme, t\u00fcketici g\u00fcvenini art\u0131r\u0131r.<\/li>\n\n<li><strong>Dokusal Detaylar ve Malzeme:<\/strong> Mat veya parlak y\u00fczeyler, ambalaj\u0131n dokusu ve kullan\u0131lan malzeme, t\u00fcketicinin \u00fcr\u00fcn\u00fc alg\u0131lama \u015feklini etkiler. Premium hissiyat veren dokusal detaylar, t\u00fcketicinin \u00fcr\u00fcn\u00fc daha de\u011ferli g\u00f6rmesini sa\u011flar.<\/li><\/ul><p>Bir kozmetik \u00fcr\u00fcn\u00fc sat\u0131n alma s\u00fcrecinde t\u00fcketici, genellikle ilk birka\u00e7 saniyede karar verir. Bu k\u0131sa s\u00fcre i\u00e7inde ambalaj tasar\u0131m\u0131, t\u00fcketicinin ilgisini \u00e7ekmeli ve markan\u0131n hikayesini anlatmal\u0131d\u0131r.<br><br>\u0130lginizi \u00e7ekebilir: <a href=\"https:\/\/www.turunch.net\/cosmetic\/2025\/02\/21\/kozmetik-sektorunde-ozel-markali-uretim-private-label-nedir\/\">Kozmetik Sekt\u00f6r\u00fcnde \u00d6zel Markal\u0131 \u00dcretim (Private Label) Nedir?<\/a><\/p><h2 class=\"wp-block-heading\"><strong>Turunch Cosmetics\u2019in \u00d6zg\u00fcn ve Modern Tasar\u0131m Yakla\u015f\u0131m\u0131<\/strong><\/h2><p>Turunch Cosmetics olarak, kozmetik sekt\u00f6r\u00fcnde markalar\u0131n \u00f6ne \u00e7\u0131kmas\u0131 i\u00e7in \u00f6zg\u00fcn ve modern tasar\u0131m \u00e7\u00f6z\u00fcmleri sunuyoruz. Ambalaj tasar\u0131m\u0131nda yenilik\u00e7i yakla\u015f\u0131mlar benimseyerek, markalar\u0131n t\u00fcketici g\u00f6z\u00fcnde g\u00fc\u00e7l\u00fc bir imaj olu\u015fturmas\u0131na katk\u0131da bulunuyoruz.<\/p><h3 class=\"wp-block-heading\"><strong>Ambalaj Tasar\u0131m\u0131nda Dikkat Etti\u011fimiz Unsurlar:<\/strong><\/h3><ol class=\"wp-block-list\"><li><strong>Marka Kimli\u011fi ile Uyum:<\/strong> Tasar\u0131mlar\u0131m\u0131zda, markan\u0131n de\u011ferlerini ve kimli\u011fini yans\u0131tmay\u0131 hedefliyoruz. Her markan\u0131n kendine \u00f6zg\u00fc bir hikayesi vard\u0131r ve bu hikayeyi ambalajlara yans\u0131tmak, t\u00fcketici ile duygusal bir ba\u011f kurulmas\u0131n\u0131 sa\u011flar.<\/li>\n\n<li><strong>Estetik ve Fonksiyonellik Dengesi:<\/strong> Ambalaj tasar\u0131m\u0131nda estetik g\u00f6r\u00fcn\u00fcm kadar kullan\u0131m kolayl\u0131\u011f\u0131 da \u00f6nemlidir. Kullan\u0131c\u0131 dostu ambalajlar, t\u00fcketicinin \u00fcr\u00fcn\u00fc tekrar sat\u0131n alma olas\u0131l\u0131\u011f\u0131n\u0131 art\u0131r\u0131r.<\/li>\n\n<li><strong>Yenilik\u00e7i Malzeme Kullan\u0131m\u0131:<\/strong> Tasar\u0131mlar\u0131m\u0131zda geleneksel malzemelerin yan\u0131 s\u0131ra yenilik\u00e7i ve \u00e7evre dostu malzemeler de kullan\u0131yoruz. B\u00f6ylece markalar\u0131n s\u00fcrd\u00fcr\u00fclebilirlik hedeflerine katk\u0131da bulunuyoruz.<\/li><\/ol><h2 class=\"wp-block-heading\"><strong>S\u00fcrd\u00fcr\u00fclebilir Ambalaj Kullan\u0131m\u0131 ve Ekolojik \u00c7\u00f6z\u00fcmler<\/strong><\/h2><p>Kozmetik sekt\u00f6r\u00fcnde s\u00fcrd\u00fcr\u00fclebilirlik, t\u00fcketicilerin giderek daha fazla \u00f6nem verdi\u011fi bir konu haline gelmi\u015ftir. Turunch Cosmetics olarak, s\u00fcrd\u00fcr\u00fclebilir ambalaj \u00e7\u00f6z\u00fcmleri sunarak i\u015f ortaklar\u0131m\u0131z\u0131n \u00e7evre dostu yakla\u015f\u0131mlar benimsemelerine destek oluyoruz.<\/p><h3 class=\"wp-block-heading\"><strong>S\u00fcrd\u00fcr\u00fclebilir Ambalaj \u00c7\u00f6z\u00fcmlerimizin Avantajlar\u0131:<\/strong><\/h3><ul class=\"wp-block-list\"><li><strong>Geri D\u00f6n\u00fc\u015ft\u00fcr\u00fclebilir Malzemeler:<\/strong> Plastik kullan\u0131m\u0131n\u0131 azaltarak geri d\u00f6n\u00fc\u015ft\u00fcr\u00fclebilir malzemeler tercih ediyoruz. Ka\u011f\u0131t, cam ve biyolojik olarak par\u00e7alanabilir malzemeler, \u00e7evre \u00fczerindeki olumsuz etkileri minimize eder.<\/li>\n\n<li><strong>Azalt\u0131lm\u0131\u015f Ambalaj Kullan\u0131m\u0131:<\/strong> Ambalaj miktar\u0131n\u0131 optimize ederek at\u0131k olu\u015fumunu azalt\u0131yoruz. Minimalist tasar\u0131mlar, hem estetik a\u00e7\u0131dan ho\u015f g\u00f6r\u00fcn\u00fcr hem de \u00e7evreye daha az zarar verir.<\/li>\n\n<li><strong>Refill (Doldurulabilir) Ambalajlar:<\/strong> Tek kullan\u0131ml\u0131k ambalajlar\u0131n yerine doldurulabilir ambalaj \u00e7\u00f6z\u00fcmleri sunarak uzun vadeli s\u00fcrd\u00fcr\u00fclebilirli\u011fi destekliyoruz. Bu \u00e7\u00f6z\u00fcm, hem t\u00fcketici dostu hem de \u00e7evre dostudur.<\/li><\/ul><p>S\u00fcrd\u00fcr\u00fclebilir ambalaj kullan\u0131m\u0131, markalar\u0131n \u00e7evreye duyarl\u0131 bir imaj sergilemesine ve t\u00fcketici g\u00fcvenini art\u0131rmas\u0131na katk\u0131 sa\u011flar. \u00d6zellikle gen\u00e7 t\u00fcketiciler, \u00e7evre dostu markalar\u0131 tercih etme e\u011filimindedir.<br><br><a href=\"https:\/\/www.turunch.net\/cosmetic\/sertifikalarimiz\/\">Sertifikalar\u0131m\u0131z\u0131 g\u00f6rmek i\u00e7in t\u0131klay\u0131n\u0131z!<\/a><\/p><h2 class=\"wp-block-heading\"><strong>Marka Kimli\u011finizi Yans\u0131tacak \u00d6zel Ambalaj Se\u00e7enekleri<\/strong><\/h2><p>Bir kozmetik markas\u0131n\u0131n ba\u015far\u0131s\u0131nda ambalaj tasar\u0131m\u0131 \u00f6nemli bir rol oynar. Marka kimli\u011fini yans\u0131tan \u00f6zel ambalajlar, t\u00fcketiciyle duygusal bir ba\u011f kurar ve marka sadakatini art\u0131r\u0131r.<\/p><h3 class=\"wp-block-heading\"><strong>Turunch Cosmetics\u2019in Sunduklar\u0131:<\/strong><\/h3><ul class=\"wp-block-list\"><li><strong>\u00d6zel Bask\u0131 Teknikleri:<\/strong> Markan\u0131z\u0131n kimli\u011fini vurgulamak i\u00e7in \u00f6zel bask\u0131 teknikleri ve dokusal detaylar sunuyoruz. Holografik bask\u0131lar, kabartma yaz\u0131lar ve metalik efektler gibi detaylarla ambalajlara farkl\u0131l\u0131k kat\u0131yoruz.<\/li>\n\n<li><strong>Ki\u015fiselle\u015ftirilmi\u015f Tasar\u0131mlar:<\/strong> \u0130\u015f ortaklar\u0131m\u0131z\u0131n hedef kitlelerine uygun ki\u015fiselle\u015ftirilmi\u015f ambalaj \u00e7\u00f6z\u00fcmleri geli\u015ftiriyoruz. Her markan\u0131n ihtiya\u00e7lar\u0131na g\u00f6re \u00f6zel tasar\u0131mlar yaparak benzersiz bir g\u00f6r\u00fcn\u00fcm elde etmelerini sa\u011fl\u0131yoruz.<\/li>\n\n<li><strong>Premium Ambalaj \u00c7\u00f6z\u00fcmleri:<\/strong> L\u00fcks segment \u00fcr\u00fcnler i\u00e7in premium ambalaj se\u00e7enekleri sunuyoruz. Cam \u015fi\u015feler, manyetik kapaklar ve \u00f6zel kutu tasar\u0131mlar\u0131 gibi detaylarla markalar\u0131n prestijini art\u0131r\u0131yoruz.<\/li><\/ul><h2 class=\"wp-block-heading\"><strong>Sonu\u00e7<\/strong><\/h2><p>Kozmetik \u00fcr\u00fcnlerde ambalaj tasar\u0131m\u0131, t\u00fcketici davran\u0131\u015flar\u0131n\u0131 do\u011frudan etkileyen \u00f6nemli bir fakt\u00f6rd\u00fcr. Turunch Cosmetics olarak, i\u015f ortaklar\u0131m\u0131za \u00f6zg\u00fcn, modern ve s\u00fcrd\u00fcr\u00fclebilir ambalaj \u00e7\u00f6z\u00fcmleri sunarak markalar\u0131n\u0131n rekabet g\u00fcc\u00fcn\u00fc art\u0131rmalar\u0131na destek oluyoruz.<\/p><p>Markan\u0131z\u0131n kimli\u011fini yans\u0131tacak, dikkat \u00e7ekici ve \u00e7evre dostu ambalaj tasar\u0131mlar\u0131yla Turunch Cosmetics yan\u0131n\u0131zda, g\u00fcvenle ilerleyin.<br><br>\u0130lginizi \u00e7ekebilir: <a href=\"https:\/\/www.turunch.net\/cosmetic\/2025\/02\/14\/kozmetik-urunlerinde-temiz-icerik-clean-beauty-trendine-uyum\/\">Kozmetik \u00dcr\u00fcnlerinde Temiz \u0130\u00e7erik (Clean Beauty) Trendine Uyum<\/a><\/p>","protected":false},"excerpt":{"rendered":"<p>Kozmetik \u00fcr\u00fcnlerde ambalaj, yaln\u0131zca \u00fcr\u00fcn\u00fc korumakla kalmaz; ayn\u0131 zamanda markan\u0131n kimli\u011fini yans\u0131t\u0131r ve t\u00fcketiciyle ilk temas\u0131 kurar. Bir \u00fcr\u00fcn\u00fcn tasar\u0131m\u0131,<\/p>\n","protected":false},"author":3,"featured_media":10404,"comment_status":"open","ping_status":"open","sticky":false,"template":"","format":"standard","meta":{"_joinchat":[],"footnotes":""},"categories":[1],"tags":[],"class_list":["post-10403","post","type-post","status-publish","format-standard","has-post-thumbnail","hentry","category-genel"],"_links":{"self":[{"href":"https:\/\/www.turunch.net\/cosmetic\/wp-json\/wp\/v2\/posts\/10403","targetHints":{"allow":["GET"]}}],"collection":[{"href":"https:\/\/www.turunch.net\/cosmetic\/wp-json\/wp\/v2\/posts"}],"about":[{"href":"https:\/\/www.turunch.net\/cosmetic\/wp-json\/wp\/v2\/types\/post"}],"author":[{"embeddable":true,"href":"https:\/\/www.turunch.net\/cosmetic\/wp-json\/wp\/v2\/users\/3"}],"replies":[{"embeddable":true,"href":"https:\/\/www.turunch.net\/cosmetic\/wp-json\/wp\/v2\/comments?post=10403"}],"version-history":[{"count":1,"href":"https:\/\/www.turunch.net\/cosmetic\/wp-json\/wp\/v2\/posts\/10403\/revisions"}],"predecessor-version":[{"id":10405,"href":"https:\/\/www.turunch.net\/cosmetic\/wp-json\/wp\/v2\/posts\/10403\/revisions\/10405"}],"wp:featuredmedia":[{"embeddable":true,"href":"https:\/\/www.turunch.net\/cosmetic\/wp-json\/wp\/v2\/media\/10404"}],"wp:attachment":[{"href":"https:\/\/www.turunch.net\/cosmetic\/wp-json\/wp\/v2\/media?parent=10403"}],"wp:term":[{"taxonomy":"category","embeddable":true,"href":"https:\/\/www.turunch.net\/cosmetic\/wp-json\/wp\/v2\/categories?post=10403"},{"taxonomy":"post_tag","embeddable":true,"href":"https:\/\/www.turunch.net\/cosmetic\/wp-json\/wp\/v2\/tags?post=10403"}],"curies":[{"name":"wp","href":"https:\/\/api.w.org\/{rel}","templated":true}]}}