{"id":10825,"date":"2026-02-05T02:13:04","date_gmt":"2026-02-04T23:13:04","guid":{"rendered":"https:\/\/www.turunch.net\/cosmetic\/?p=10825"},"modified":"2026-02-26T02:26:48","modified_gmt":"2026-02-25T23:26:48","slug":"kozmetik-markanizi-nasil-kurarsiniz","status":"publish","type":"post","link":"https:\/\/www.turunch.net\/cosmetic\/ru\/blog\/kozmetik-markanizi-nasil-kurarsiniz\/","title":{"rendered":"2026&#8217;da Kendi Kozmetik Markan\u0131z\u0131 Nas\u0131l Kurars\u0131n\u0131z? Kapsaml\u0131 Fason \u00dcretim Rehberi"},"content":{"rendered":"<p><strong>Fason kozmetik \u00fcretimi<\/strong>, 2026 y\u0131l\u0131nda kendi markas\u0131n\u0131 kurmak ve g\u00fczellik sekt\u00f6r\u00fcnde kal\u0131c\u0131 bir yer edinmek isteyen giri\u015fimciler i\u00e7in en stratejik ba\u015flang\u0131\u00e7 noktas\u0131d\u0131r. Geleneksel \u00fcretim modellerinin aksine, fason \u00fcretim (private label), y\u00fcksek yat\u0131r\u0131m maliyetleri gerektiren fabrika kurulumu, hammadde tedari\u011fi ve karma\u015f\u0131k Ar-Ge s\u00fcre\u00e7lerini sizin ad\u0131n\u0131za y\u00f6neten profesyonel bir \u00e7\u00f6z\u00fcm orta\u011f\u0131 ile \u00e7al\u0131\u015fman\u0131z\u0131 sa\u011flar. K\u00fcresel kozmetik pazar\u0131n\u0131n trilyon dolar hacmine yakla\u015ft\u0131\u011f\u0131 bu d\u00f6nemde, do\u011fru bir \u00fcretici ile yola \u00e7\u0131kmak, sadece bir \u00fcr\u00fcn satmak de\u011fil, s\u00fcrd\u00fcr\u00fclebilir bir marka hikayesi yaratmak anlam\u0131na gelir. Turunch Cosmetic olarak, bu rehberde hayalinizdeki markay\u0131 raflara ta\u015f\u0131man\u0131n yol haritas\u0131n\u0131, maliyet avantajlar\u0131n\u0131 ve sekt\u00f6r\u00fcn 2026 trendlerini detayl\u0131ca ele alaca\u011f\u0131z.<\/p><h3 class=\"wp-block-heading\"><strong>Kozmetik Sekt\u00f6r\u00fcnde Markala\u015fma Yolculu\u011fu ve Fason \u00dcretimin G\u00fcc\u00fc<\/strong><\/h3><p>Kozmetik sekt\u00f6r\u00fc, d\u0131\u015far\u0131dan bak\u0131ld\u0131\u011f\u0131nda sadece g\u00fczel ambalajlar ve ho\u015f kokulu \u00fcr\u00fcnlerden ibaret gibi g\u00f6r\u00fcnse de, arka planda ciddi bir kimya, mevzuat ve operasyonel s\u00fcre\u00e7 bar\u0131nd\u0131r\u0131r. Kendi markan\u0131z\u0131 kurmaya karar verdi\u011finizde kar\u015f\u0131n\u0131zda iki yol vard\u0131r: Ya milyonlarca liral\u0131k yat\u0131r\u0131m yaparak kendi tesisinizi kurars\u0131n\u0131z ya da <strong>fason kozmetik \u00fcretimi<\/strong> avantajlar\u0131n\u0131 kullanarak, hali haz\u0131rda t\u00fcm sertifikasyonlara ve \u00fcretim band\u0131na sahip bir \u00fcretici ile i\u015f birli\u011fi yapars\u0131n\u0131z.<\/p><p>2026 y\u0131l\u0131 itibar\u0131yla, e-ticaretin ve sosyal medya pazarlamas\u0131n\u0131n g\u00fcc\u00fcyle birlikte, butik ve ni\u015f markalar\u0131n y\u00fckseli\u015fi h\u0131zlanm\u0131\u015ft\u0131r. Art\u0131k t\u00fcketiciler devasa holding markalar\u0131 yerine, hikayesi olan, \u015feffaf ve belirli bir soruna odaklanan markalar\u0131 tercih etmektedir. \u0130\u015fte bu noktada <strong>fason kozmetik \u00fcretimi<\/strong> devreye girer. Bu model, giri\u015fimcinin pazarlama ve sat\u0131\u015fa odaklanmas\u0131na olanak tan\u0131rken, \u00fcretim taraf\u0131ndaki t\u00fcm teknik y\u00fck\u00fc profesyonel ellere b\u0131rakmas\u0131n\u0131 sa\u011flar. Turunch Cosmetic gibi k\u00f6kl\u00fc \u00fcreticiler, sadece bir dolum tesisi de\u011fil, ayn\u0131 zamanda markan\u0131z\u0131n laboratuvar\u0131 gibi \u00e7al\u0131\u015f\u0131r.<\/p><h3 class=\"wp-block-heading\"><strong>Fason Kozmetik \u00dcretimi (Private Label) Nedir?<\/strong><\/h3><figure class=\"wp-block-image size-large\"><img loading=\"lazy\" decoding=\"async\" width=\"1199\" height=\"800\" src=\"https:\/\/www.turunch.net\/cosmetic\/wp-content\/uploads\/2026\/02\/still-life-care-products-1-1199x800.webp\" alt=\"\" class=\"wp-image-10828\" srcset=\"https:\/\/www.turunch.net\/cosmetic\/wp-content\/uploads\/2026\/02\/still-life-care-products-1-1199x800.webp 1199w, https:\/\/www.turunch.net\/cosmetic\/wp-content\/uploads\/2026\/02\/still-life-care-products-1-400x267.webp 400w, https:\/\/www.turunch.net\/cosmetic\/wp-content\/uploads\/2026\/02\/still-life-care-products-1-768x513.webp 768w, https:\/\/www.turunch.net\/cosmetic\/wp-content\/uploads\/2026\/02\/still-life-care-products-1-1536x1025.webp 1536w, https:\/\/www.turunch.net\/cosmetic\/wp-content\/uploads\/2026\/02\/still-life-care-products-1-2048x1367.webp 2048w, https:\/\/www.turunch.net\/cosmetic\/wp-content\/uploads\/2026\/02\/still-life-care-products-1-18x12.webp 18w, https:\/\/www.turunch.net\/cosmetic\/wp-content\/uploads\/2026\/02\/still-life-care-products-1-430x287.webp 430w, https:\/\/www.turunch.net\/cosmetic\/wp-content\/uploads\/2026\/02\/still-life-care-products-1-700x467.webp 700w, https:\/\/www.turunch.net\/cosmetic\/wp-content\/uploads\/2026\/02\/still-life-care-products-1-150x100.webp 150w\" sizes=\"auto, (max-width: 1199px) 100vw, 1199px\" \/><\/figure><p>Fason \u00fcretim veya yayg\u0131n bilinen ad\u0131yla Private Label, bir \u00fcretici firman\u0131n, ba\u015fka bir marka ad\u0131na \u00fcr\u00fcn geli\u015ftirmesi ve \u00fcretmesi s\u00fcrecidir. Bu s\u00fcre\u00e7te, form\u00fclasyon tamamen size \u00f6zel olabilece\u011fi gibi, \u00fcreticinin hali haz\u0131rda ba\u015far\u0131s\u0131 kan\u0131tlanm\u0131\u015f form\u00fcllerinin sizin markan\u0131zla etiketlenmesi \u015feklinde de olabilir. <strong>Fason kozmetik \u00fcretimi<\/strong> s\u00fcrecinin en b\u00fcy\u00fck avantaj\u0131 &#8220;h\u0131z&#8221; ve &#8220;kalite&#8221; optimizasyonudur.<\/p><p>Bir markan\u0131n s\u0131f\u0131rdan bir<a href=\"https:\/\/www.turunch.net\/cosmetic\/ru\/product\/\u043a\u0440\u0435\u043c-\u043f\u0440\u043e\u0442\u0438\u0432-\u0441\u0442\u0430\u0440\u0435\u043d\u0438\u044f\/\"> \u041a\u0440\u0435\u043c \u043f\u0440\u043e\u0442\u0438\u0432 \u0441\u0442\u0430\u0440\u0435\u043d\u0438\u044f<\/a> form\u00fcl\u00fcn\u00fc geli\u015ftirmesi, test etmesi ve onaylatmas\u0131 aylar, hatta y\u0131llar s\u00fcrebilir. Ancak fason \u00fcretimde, Turunch Cosmetic\u2019in k\u00fct\u00fcphanesinde bulunan, dermatolojik testlerden ge\u00e7mi\u015f ve etkinli\u011fi kan\u0131tlanm\u0131\u015f form\u00fcller \u00fczerinden ilerleyerek bu s\u00fcreyi minimuma indirebilirsiniz. Bu, \u00f6zellikle trendlerin \u00e7ok h\u0131zl\u0131 de\u011fi\u015fti\u011fi kozmetik sekt\u00f6r\u00fcnde rekabet avantaj\u0131 sa\u011flar.<\/p><h3 class=\"wp-block-heading\"><strong>2026 Kozmetik Trendleri: Hangi \u00dcr\u00fcnlerle Ba\u015flamal\u0131s\u0131n\u0131z?<\/strong><\/h3><p>Marka kurarken yap\u0131lan en b\u00fcy\u00fck hata, pazar\u0131n ihtiyac\u0131 olmayan \u00fcr\u00fcnlerle yola \u00e7\u0131kmakt\u0131r. 2026 y\u0131l\u0131nda t\u00fcketici davran\u0131\u015flar\u0131 incelendi\u011finde, &#8220;sonu\u00e7 odakl\u0131 cilt bak\u0131m\u0131&#8221;, &#8220;temiz i\u00e7erik&#8221; ve &#8220;erkek bak\u0131m \u00fcr\u00fcnleri&#8221; \u00f6ne \u00e7\u0131kmaktad\u0131r. <strong>Fason kozmetik \u00fcretimi<\/strong> planlaman\u0131z\u0131 yaparken bu kategorilere odaklanmak, markan\u0131z\u0131n b\u00fcy\u00fcme h\u0131z\u0131n\u0131 art\u0131racakt\u0131r.<\/p><p><strong>1. Dermokozmetik ve Leke Kar\u015f\u0131t\u0131 \u00c7\u00f6z\u00fcmler<\/strong> Cilt lekeleri ve ton e\u015fitsizlikleri, her d\u00f6nem en \u00e7ok aranan cilt sorunlar\u0131n\u0131n ba\u015f\u0131nda gelir. \u00d6zellikle C Vitamini gibi g\u00fc\u00e7l\u00fc antioksidanlar i\u00e7eren serumlar, marka giri\u015f \u00fcr\u00fcnleri i\u00e7in m\u00fckemmel bir tercihtir. E\u011fer markan\u0131z\u0131n &#8220;tedavi edici&#8221; ve &#8220;ayd\u0131nlat\u0131c\u0131&#8221; bir kimli\u011fe sahip olmas\u0131n\u0131 istiyorsan\u0131z, \u00fcr\u00fcn gam\u0131n\u0131zda mutlaka g\u00fc\u00e7l\u00fc bir<a href=\"https:\/\/www.turunch.net\/cosmetic\/ru\/product\/\u0441\u044b\u0432\u043e\u0440\u043e\u0442\u043a\u0430-\u0441-\u0432\u0438\u0442\u0430\u043c\u0438\u043d\u043e\u043c-\u0441\/\"> \u0421\u044b\u0432\u043e\u0440\u043e\u0442\u043a\u0430 \u0441 \u0432\u0438\u0442\u0430\u043c\u0438\u043d\u043e\u043c \u0421<\/a> ve onu destekleyen bir<a href=\"https:\/\/www.turunch.net\/cosmetic\/ru\/product\/\u043e\u0442\u0431\u0435\u043b\u0438\u0432\u0430\u044e\u0449\u0438\u0439-\u043a\u0440\u0435\u043c\/\"> \u041e\u0442\u0431\u0435\u043b\u0438\u0432\u0430\u044e\u0449\u0438\u0439 \u043a\u0440\u0435\u043c<\/a> bulundurmal\u0131s\u0131n\u0131z. Bu t\u00fcr \u00fcr\u00fcnler, &#8220;\u00f6ncesi-sonras\u0131&#8221; pazarlamas\u0131na \u00e7ok uygun oldu\u011fu i\u00e7in dijital medyada h\u0131zl\u0131 d\u00f6n\u00fc\u015f\u00fcm sa\u011flar. Fason kozmetik \u00fcretimi s\u00fcrecinde, i\u00e7eriklerin stabilitesi ve oranlar\u0131 hayati \u00f6nem ta\u015f\u0131r; bu nedenle uzman bir Ar-Ge ekibiyle \u00e7al\u0131\u015fmak \u015fartt\u0131r.<\/p><p><strong>2. Ni\u015f Bir Alan: Erkek Bak\u0131m\u0131<\/strong> Y\u0131llarca ihmal edilen erkek bak\u0131m pazar\u0131, 2026&#8217;n\u0131n en h\u0131zl\u0131 b\u00fcy\u00fcyen kategorisidir. Erkekler art\u0131k sadece t\u0131ra\u015f k\u00f6p\u00fc\u011f\u00fc ile yetinmiyor; sakal bak\u0131m\u0131 ve cilt kalitesine \u00f6nem veriyor. Giri\u015fimciler i\u00e7in buradaki rekabet hen\u00fcz kad\u0131n kozmeti\u011fi kadar yo\u011fun de\u011fildir. Kendi markan\u0131z\u0131 erkeklere y\u00f6nelik konumland\u0131rarak, \u00f6zel form\u00fcle edilmi\u015f bir<a href=\"https:\/\/www.turunch.net\/cosmetic\/ru\/product\/\u0441\u044b\u0432\u043e\u0440\u043e\u0442\u043a\u0430-\u0434\u043b\u044f-\u0431\u043e\u0440\u043e\u0434\u044b\/\"> \u0421\u044b\u0432\u043e\u0440\u043e\u0442\u043a\u0430 \u0434\u043b\u044f \u0431\u043e\u0440\u043e\u0434\u044b<\/a> ile pazara h\u0131zl\u0131 bir giri\u015f yapabilirsiniz. Bu alanda <strong>fason kozmetik \u00fcretimi<\/strong> yapt\u0131rmak, sizi rakiplerinizin bir ad\u0131m \u00f6n\u00fcne ge\u00e7irecek bakir bir alana yat\u0131r\u0131m yapman\u0131z\u0131 sa\u011flar.<\/p><p><strong>3. Temiz \u0130\u00e7erik ve Do\u011fal Bak\u0131m<\/strong> Bilin\u00e7li t\u00fcketici kitlesi, etiket okuma al\u0131\u015fkanl\u0131\u011f\u0131 kazanm\u0131\u015ft\u0131r. \u00d6zellikle al\u00fcminyum ve paraben gibi tart\u0131\u015fmal\u0131 i\u00e7eriklerden uzak duran kitle i\u00e7in<a href=\"https:\/\/www.turunch.net\/cosmetic\/ru\/product\/\u043d\u0430\u0442\u0443\u0440\u0430\u043b\u044c\u043d\u044b\u0439-\u0434\u0435\u0437\u043e\u0434\u043e\u0440\u0430\u043d\u0442-\u0441\u0442\u0438\u043a\/\"> \u041d\u0430\u0442\u0443\u0440\u0430\u043b\u044c\u043d\u044b\u0439 \u0434\u0435\u0437\u043e\u0434\u043e\u0440\u0430\u043d\u0442-\u0441\u0442\u0438\u043a<\/a> gibi \u00fcr\u00fcnler \u00fcretmek, markan\u0131za &#8220;g\u00fcvenilir&#8221; ve &#8220;sa\u011fl\u0131kl\u0131&#8221; bir imaj katar. Ayn\u0131 \u015fekilde, sentetik kokular yerine<a href=\"https:\/\/www.turunch.net\/cosmetic\/ru\/product\/gu\u0308l-\u0441\u043e\u043a\/\"> G\u00fcl Suyu<\/a> gibi geleneksel ve %100 do\u011fal hidrosoller, sad\u0131k bir m\u00fc\u015fteri kitlesi yaratmak i\u00e7in idealdir.<\/p><h3 class=\"wp-block-heading\"><strong>Ad\u0131m Ad\u0131m Marka Kurulum S\u00fcreci<\/strong><\/h3><p><strong>Fason kozmetik \u00fcretimi<\/strong> ile marka kurmak, belirli bir disiplin ve s\u0131ralama gerektirir. \u0130\u015fte s\u0131f\u0131rdan rafa uzanan s\u00fcrecin ad\u0131mlar\u0131:<\/p><p><strong>Ad\u0131m 1: Hedef Kitle ve \u00dcr\u00fcn Gam\u0131 Belirleme<\/strong> Kime hitap ediyorsunuz? L\u00fcks segment mi, ula\u015f\u0131labilir do\u011fal \u00fcr\u00fcnler mi yoksa profesyonel salon \u00fcr\u00fcnleri mi? \u00d6rne\u011fin, spa ve g\u00fczellik merkezlerine hitap eden bir marka kuracaksan\u0131z, \u00fcr\u00fcn gam\u0131n\u0131zda mutlaka profesyonel boy<a href=\"https:\/\/www.turunch.net\/cosmetic\/ru\/product\/\u043e\u0447\u0438\u0449\u0430\u044e\u0449\u0438\u0439-\u0433\u0435\u043b\u044c-yu\u0308z\/\"> Y\u00fcz Temizleme Jeli<\/a> ve tonik olarak kullan\u0131lacak sular bulunmal\u0131d\u0131r.<\/p><p><strong>Ad\u0131m 2: Form\u00fclasyon ve Ar-Ge<\/strong> Bu a\u015fama, i\u015fin mutfa\u011f\u0131d\u0131r. Turunch Cosmetic gibi \u00fcreticilerle \u00e7al\u0131\u015fman\u0131n en b\u00fcy\u00fck avantaj\u0131 buradad\u0131r. Sizin hayalinizdeki \u00fcr\u00fcn\u00fcn dokusu, kokusu ve etkisi laboratuvar ortam\u0131nda geli\u015ftirilir. \u0130sterseniz markan\u0131z i\u00e7in \u00f6zel bir<a href=\"https:\/\/www.turunch.net\/cosmetic\/ru\/product\/\u0441\u044b\u0432\u043e\u0440\u043e\u0442\u043a\u0430-\u0434\u043b\u044f-\u043e\u0441\u0432\u0435\u0442\u043b\u0435\u043d\u0438\u044f-\u043a\u043e\u0436\u0438\/\"> \u0421\u044b\u0432\u043e\u0440\u043e\u0442\u043a\u0430 \u0434\u043b\u044f \u043e\u0441\u0432\u0435\u0442\u043b\u0435\u043d\u0438\u044f \u043a\u043e\u0436\u0438<\/a> geli\u015ftirebilir, isterseniz de var olan ba\u015far\u0131l\u0131 form\u00fcller \u00fczerinden ilerleyebilirsiniz.<\/p><p><strong>Ad\u0131m 3: Ambalaj ve Grafik Tasar\u0131m<\/strong> \u00dcr\u00fcn\u00fcn kalitesi kadar ambalaj\u0131 da sat\u0131\u015f\u0131 etkiler. <strong>Fason kozmetik \u00fcretimi<\/strong> sadece i\u00e7indeki s\u0131v\u0131y\u0131 \u00fcretmek de\u011fildir; ayn\u0131 zamanda o s\u0131v\u0131n\u0131n do\u011fru \u015fi\u015feye, do\u011fru kapa\u011fa ve do\u011fru kutuya girmesini sa\u011flamakt\u0131r. T\u00fcketicinin eline ald\u0131\u011f\u0131nda hissetti\u011fi kalite alg\u0131s\u0131, markan\u0131z\u0131n kaderini belirler.<\/p><p><strong>Ad\u0131m 4: \u00dcretim ve Dolum<\/strong> Onaylanan numuneler, GMP (\u0130yi \u00dcretim Uygulamalar\u0131) standartlar\u0131na uygun tesislerde \u00fcretilir. Hijyenik ko\u015fullarda, el de\u011fmeden yap\u0131lan dolum i\u015flemleri, \u00fcr\u00fcn\u00fcn raf \u00f6mr\u00fcn\u00fc ve g\u00fcvenli\u011fini garanti alt\u0131na al\u0131r.<\/p><p><strong>Ad\u0131m 5: Yasal Bildirimler (UTS)<\/strong> T\u00fcrkiye&#8217;de kozmetik \u00fcr\u00fcn\u00fc satabilmek i\u00e7in Sa\u011fl\u0131k Bakanl\u0131\u011f\u0131 \u00dcr\u00fcn Takip Sistemi&#8217;ne (UTS) kay\u0131tl\u0131 olmas\u0131 gerekir. Fason \u00fcretim orta\u011f\u0131n\u0131z, \u00fcr\u00fcnlerin g\u00fcvenlik dosyalar\u0131n\u0131 haz\u0131rlar ve bildirim s\u00fcre\u00e7lerini y\u00f6netir. Bu, bireysel giri\u015fimcilerin tek ba\u015f\u0131na alt\u0131ndan kalkmakta en \u00e7ok zorland\u0131\u011f\u0131 k\u0131s\u0131md\u0131r ve profesyonel destek \u015fartt\u0131r.<\/p><h3 class=\"wp-block-heading\"><strong>Maliyet Y\u00f6netimi ve K\u00e2rl\u0131l\u0131k<\/strong><\/h3><p>Giri\u015fimcilerin en \u00e7ok merak etti\u011fi konu \u015f\u00fcphesiz maliyetlerdir. <strong>Fason kozmetik \u00fcretimi<\/strong>, \u00f6l\u00e7ek ekonomisinden faydalanman\u0131z\u0131 sa\u011flar. D\u00fc\u015f\u00fck adetlerde (Minimum Order Quantity &#8211; MOQ) \u00fcretim yapabilme esnekli\u011fi, stok maliyetlerinizi d\u00fc\u015f\u00fcr\u00fcr. Ba\u015flang\u0131\u00e7ta binlerce \u00fcr\u00fcn stoklamak yerine, pazar\u0131n tepkisini \u00f6l\u00e7ebilece\u011finiz makul adetlerle \u00fcretime ba\u015flamak riski minimize eder.<\/p><p>\u00d6rne\u011fin, cilt bak\u0131m setleri olu\u015fturmak k\u00e2rl\u0131l\u0131\u011f\u0131 art\u0131ran bir y\u00f6ntemdir. Tek bir \u00fcr\u00fcn satmak yerine,<a href=\"https:\/\/www.turunch.net\/cosmetic\/ru\/product\/\u0432\u043e\u0434\u0430-\u0434\u043b\u044f-\u0441\u043d\u044f\u0442\u0438\u044f-\u043c\u0430\u043a\u0438\u044f\u0436\u0430\/\"> \u0412\u043e\u0434\u0430 \u0434\u043b\u044f \u0441\u043d\u044f\u0442\u0438\u044f \u043c\u0430\u043a\u0438\u044f\u0436\u0430<\/a> ile temizleme jelini bir arada sunan &#8220;\u00c7ift A\u015famal\u0131 Temizlik Seti&#8221; gibi konseptler, sepet tutar\u0131n\u0131z\u0131 y\u00fckseltir. \u00dcretici ile yapaca\u011f\u0131n\u0131z anla\u015fmalarda bu t\u00fcr setlerin montaj\u0131 ve paketlenmesi de fason hizmetine dahil edilebilir.<\/p><h3 class=\"wp-block-heading\"><strong>Neden Turunch Cosmetic?<\/strong><\/h3><p>Piyasada bir\u00e7ok fason \u00fcretici bulunmas\u0131na ra\u011fmen, do\u011fru partneri se\u00e7mek hayati \u00f6nem ta\u015f\u0131r. Turunch Cosmetic, sadece bir \u00fcretici de\u011fil, ayn\u0131 zamanda markan\u0131z\u0131n b\u00fcy\u00fcme orta\u011f\u0131d\u0131r.<\/p><ol class=\"wp-block-list\"><li><strong>\u0428\u0438\u0440\u043e\u043a\u0438\u0439 \u0430\u0441\u0441\u043e\u0440\u0442\u0438\u043c\u0435\u043d\u0442 \u043f\u0440\u043e\u0434\u0443\u043a\u0446\u0438\u0438:<\/strong> Sa\u00e7 bak\u0131m\u0131ndan cilt bak\u0131m\u0131na,<a href=\"https:\/\/www.turunch.net\/cosmetic\/ru\/product\/\u043d\u0430\u0442\u0443\u0440\u0430\u043b\u044c\u043d\u044b\u0439-\u043a\u043e\u043d\u0434\u0438\u0446\u0438\u043e\u043d\u0435\u0440-\u0434\u043b\u044f-\u0432\u043e\u043b\u043e\u0441\/\"> Do\u011fal Sa\u00e7 Kremi<\/a> \u00e7e\u015fitlerinden v\u00fccut spreylerine kadar \u00e7ok geni\u015f bir skalada \u00fcretim yapabilme kabiliyeti.<\/li>\n\n<li><strong>Y\u00fcksek Standartlar:<\/strong> GMP, ISO ve Sa\u011fl\u0131k Bakanl\u0131\u011f\u0131 y\u00f6netmeliklerine tam uyum.<\/li>\n\n<li><strong>Esnek \u00c7\u00f6z\u00fcmler:<\/strong> Hem yeni ba\u015flayan giri\u015fimciler i\u00e7in d\u00fc\u015f\u00fck adetli \u00fcretim deste\u011fi hem de b\u00fcy\u00fck markalar i\u00e7in y\u00fcksek tonajl\u0131 \u00fcretim kapasitesi.<\/li>\n\n<li><strong>Trend Takibi:<\/strong> D\u00fcnyadaki kozmetik trendlerini yak\u0131ndan takip eden Ar-Ge ekibi sayesinde, markan\u0131z her zaman g\u00fcncel kal\u0131r.<\/li><\/ol><p><strong>Fason kozmetik \u00fcretimi<\/strong> s\u00fcrecinde \u015feffafl\u0131k en \u00f6nemli ilkedir. Kulland\u0131\u011f\u0131m\u0131z hammaddelerin kalitesinden, \u00fcretim band\u0131ndaki hijyene kadar her a\u015fama, markan\u0131z\u0131n itibar\u0131n\u0131 korumak \u00fczerine kurgulanm\u0131\u015ft\u0131r.<\/p><h3 class=\"wp-block-heading\"><strong>Markan\u0131z\u0131 B\u00fcy\u00fctmek \u0130\u00e7in Pazarlama \u0130pu\u00e7lar\u0131<\/strong><\/h3><p>\u00dcr\u00fcnleriniz haz\u0131r, peki \u015fimdi ne olacak? Fason \u00fcretim s\u00fcrecini tamamlad\u0131ktan sonra odaklanman\u0131z gereken nokta pazarlamad\u0131r. \u00d6zellikle &#8220;influencer marketing&#8221; ve i\u00e7erik \u00fcretimi, kozmetik sekt\u00f6r\u00fcn\u00fcn itici g\u00fcc\u00fcd\u00fcr.<\/p><ul class=\"wp-block-list\"><li><strong>Kan\u0131t Sunun:<\/strong> \u00dcr\u00fcnlerinizin i\u015fe yarad\u0131\u011f\u0131n\u0131 g\u00f6sterin. \u00d6rne\u011fin<a href=\"https:\/\/www.turunch.net\/cosmetic\/ru\/product\/kas\u0327\u043c\u0430\u0441\u043b\u043e-\u0434\u043b\u044f-\u0443\u0445\u043e\u0434\u0430-\u0437\u0430-\u0440\u0435\u0441\u043d\u0438\u0446\u0430\u043c\u0438\u0306i\/\"> Ka\u015f &amp; Kirpik Bak\u0131m Ya\u011f\u0131<\/a> sat\u0131yorsan\u0131z, d\u00fczenli kullan\u0131mda kirpiklerdeki de\u011fi\u015fimi g\u00f6steren g\u00f6rseller payla\u015f\u0131n.<\/li>\n\n<li><strong>E\u011fitin:<\/strong> M\u00fc\u015fterilerinize \u00fcr\u00fcnleri nas\u0131l kullanacaklar\u0131n\u0131 \u00f6\u011fretin. Bir<a href=\"https:\/\/www.turunch.net\/cosmetic\/ru\/product\/vu\u0308\u043e\u0442\u0440\u0435\u0437\u0430\u043d\u0438\u0435-\u043f\u0438\u043b\u0438\u043d\u0433\u0430\/\"> V\u00fccut Peelingi<\/a> \u00fcr\u00fcn\u00fcn\u00fcn bat\u0131klar \u00fczerindeki etkisini anlatan blog yaz\u0131lar\u0131 veya videolar haz\u0131rlay\u0131n.<\/li>\n\n<li><strong>Mevsimselli\u011fi Kullan\u0131n:<\/strong> Yaz aylar\u0131nda<a href=\"https:\/\/www.turunch.net\/cosmetic\/ru\/product\/vu\u0308\u0437\u0430\u0449\u0438\u0442\u043d\u044b\u0439-\u0441\u043f\u0440\u0435\u0439\/\"> V\u00fccut Koruyucu Sprey<\/a> gibi \u00fcr\u00fcnleri, k\u0131\u015f aylar\u0131nda ise yo\u011fun nemlendiricileri \u00f6ne \u00e7\u0131kar\u0131n.<\/li><\/ul><h3 class=\"wp-block-heading\"><strong>S\u0131k\u00e7a Sorulan Sorular<\/strong><\/h3><p><strong>Fason kozmetik \u00fcretimi i\u00e7in minimum sipari\u015f adedi (MOQ) nedir?<\/strong> Minimum sipari\u015f adetleri, se\u00e7ilen ambalaj t\u00fcr\u00fcne ve form\u00fclasyona g\u00f6re de\u011fi\u015fiklik g\u00f6stermektedir. Ancak Turunch Cosmetic olarak, yeni giri\u015fimcileri desteklemek ad\u0131na sekt\u00f6r standartlar\u0131na g\u00f6re esnek ve makul ba\u015flang\u0131\u00e7 adetleri sunmaktay\u0131z. Detayl\u0131 bilgi i\u00e7in bizimle ileti\u015fime ge\u00e7ebilirsiniz.<\/p><p><strong>Kendi form\u00fcl\u00fcm\u00fc getirebilir miyim?<\/strong> Evet, e\u011fer kendi geli\u015ftirdi\u011finiz bir form\u00fcl\u00fcn\u00fcz varsa, laboratuvar\u0131m\u0131zda gerekli stabilite ve g\u00fcvenlik testlerini yapt\u0131ktan sonra \u00fcretimini ger\u00e7ekle\u015ftirebiliriz. Ayr\u0131ca mevcut form\u00fclleriniz \u00fczerinde iyile\u015ftirme \u00e7al\u0131\u015fmalar\u0131 da yapabiliriz.<\/p><p><strong>\u00dcr\u00fcnlerin yasal izinlerini siz mi al\u0131yorsunuz?<\/strong> Evet, <strong>fason kozmetik \u00fcretimi<\/strong> hizmetimizin bir par\u00e7as\u0131 olarak, Sa\u011fl\u0131k Bakanl\u0131\u011f\u0131 \u00dcr\u00fcn Takip Sistemi (UTS) bildirimleri, G\u00fcvenlik Bilgi Formlar\u0131 (MSDS) ve \u00dcr\u00fcn Bilgi Dosyas\u0131 haz\u0131rlanmas\u0131 konular\u0131nda dan\u0131\u015fmanl\u0131k ve uygulama hizmeti sunuyoruz.<\/p><p><strong>\u00dcretim s\u00fcresi ne kadar s\u00fcr\u00fcyor?<\/strong> S\u00fcre\u00e7; ambalaj se\u00e7imi, grafik tasar\u0131m onay\u0131 ve hammadde teminine ba\u011fl\u0131 olarak de\u011fi\u015fmekle birlikte, ortalama olarak tasar\u0131m onay\u0131 al\u0131nd\u0131ktan sonra 4-6 hafta i\u00e7erisinde \u00fcr\u00fcnleriniz teslime haz\u0131r hale gelmektedir.<\/p><p><strong>Hangi kategorilerde \u00fcretim yap\u0131yorsunuz?<\/strong> Cilt bak\u0131m\u0131 (kremler, serumlar), sa\u00e7 bak\u0131m\u0131 (<a href=\"https:\/\/www.turunch.net\/cosmetic\/ru\/product\/\u0448\u0430\u043c\u043f\u0443\u043d\u044c\/\">\u0428\u0430\u043c\u043f\u0443\u043d\u044c<\/a>, sa\u00e7 kremleri), v\u00fccut bak\u0131m\u0131 (losyonlar, ya\u011flar) ve ki\u015fisel bak\u0131m (deodorantlar) dahil olmak \u00fczere \u00e7ok geni\u015f bir yelpazede \u00fcretim yapmaktay\u0131z.<\/p><p><strong>Ambalaj tasar\u0131m\u0131nda destek oluyor musunuz?<\/strong> Markan\u0131z\u0131n kimli\u011fini yans\u0131tacak logo, etiket ve kutu tasar\u0131m\u0131 konusunda uzman grafik tasar\u0131m ekibimizle destek sa\u011fl\u0131yoruz. Sizin hayalinizdeki tasar\u0131m\u0131, yasal mevzuatlara uygun \u015fekilde somutla\u015ft\u0131r\u0131yoruz.<\/p><p><strong>Fason \u00fcretimde maliyetler nas\u0131l hesaplan\u0131r?<\/strong> <strong>Fason kozmetik \u00fcretimi\u2019<\/strong>nde<strong> <\/strong>Maliyetler; se\u00e7ilen \u015fi\u015fe\/kavanoz tipi, \u00fcr\u00fcn\u00fcn gramaj\u0131, kullan\u0131lan aktif i\u00e7eriklerin kalitesi ve toplam \u00fcretim adedine g\u00f6re belirlenir. B\u00fct\u00e7enize en uygun opsiyonlar\u0131 belirlemek i\u00e7in bir \u00f6n g\u00f6r\u00fc\u015fme yap\u0131lmas\u0131 en do\u011frusudur.<\/p><h3 class=\"wp-block-heading\"><strong>Hayallerinizi Profesyonel \u00dcretime D\u00f6n\u00fc\u015ft\u00fcr\u00fcn<\/strong><\/h3><p>2026 y\u0131l\u0131, kozmetik sekt\u00f6r\u00fcnde kendi hikayesini yazmak isteyenler i\u00e7in b\u00fcy\u00fck f\u0131rsatlar bar\u0131nd\u0131r\u0131yor. <strong>Fason kozmetik \u00fcretimi<\/strong>, bu f\u0131rsatlar\u0131 de\u011ferlendirmenin en g\u00fcvenli, en h\u0131zl\u0131 ve en profesyonel yoludur. Turunch Cosmetic olarak, sadece bir tedarik\u00e7i de\u011fil, markan\u0131z\u0131n ba\u015far\u0131s\u0131 i\u00e7in \u00e7al\u0131\u015fan bir ekip arkada\u015f\u0131 olmay\u0131 taahh\u00fct ediyoruz.<\/p><p>Hayalinizdeki markay\u0131 kurmak, kaliteli i\u00e7eriklerle t\u00fcketicinin g\u00fcvenini kazanmak ve global pazarda yer almak art\u0131k ula\u015f\u0131lmaz bir hayal de\u011fil. \u0130ster ni\u015f bir erkek bak\u0131m markas\u0131, ister genel bir cilt bak\u0131m serisi olsun; \u00fcretim g\u00fcc\u00fcm\u00fcz ve tecr\u00fcbemizle yan\u0131n\u0131zday\u0131z. Markan\u0131z\u0131n ilk numunesini elinize ald\u0131\u011f\u0131n\u0131zdaki o heyecan\u0131 ya\u015famak ve ba\u015far\u0131 hikayenizi ba\u015flatmak i\u00e7in bug\u00fcn bizimle ileti\u015fime ge\u00e7in. Kozmetik d\u00fcnyas\u0131nda yerinizi ay\u0131rt\u0131n, \u00e7\u00fcnk\u00fc gelecek, kendi markas\u0131n\u0131 yaratanlar\u0131n olacak.<\/p>","protected":false},"excerpt":{"rendered":"<p>Fason kozmetik \u00fcretimi, 2026 y\u0131l\u0131nda kendi markas\u0131n\u0131 kurmak ve g\u00fczellik sekt\u00f6r\u00fcnde kal\u0131c\u0131 bir yer edinmek isteyen giri\u015fimciler i\u00e7in en stratejik<\/p>","protected":false},"author":3,"featured_media":10827,"comment_status":"open","ping_status":"open","sticky":false,"template":"","format":"standard","meta":{"_joinchat":[],"footnotes":""},"categories":[157],"tags":[],"class_list":["post-10825","post","type-post","status-publish","format-standard","has-post-thumbnail","hentry","category-fason-uretim-hizmetleri"],"_links":{"self":[{"href":"https:\/\/www.turunch.net\/cosmetic\/ru\/wp-json\/wp\/v2\/posts\/10825","targetHints":{"allow":["GET"]}}],"collection":[{"href":"https:\/\/www.turunch.net\/cosmetic\/ru\/wp-json\/wp\/v2\/posts"}],"about":[{"href":"https:\/\/www.turunch.net\/cosmetic\/ru\/wp-json\/wp\/v2\/types\/post"}],"author":[{"embeddable":true,"href":"https:\/\/www.turunch.net\/cosmetic\/ru\/wp-json\/wp\/v2\/users\/3"}],"replies":[{"embeddable":true,"href":"https:\/\/www.turunch.net\/cosmetic\/ru\/wp-json\/wp\/v2\/comments?post=10825"}],"version-history":[{"count":1,"href":"https:\/\/www.turunch.net\/cosmetic\/ru\/wp-json\/wp\/v2\/posts\/10825\/revisions"}],"predecessor-version":[{"id":10829,"href":"https:\/\/www.turunch.net\/cosmetic\/ru\/wp-json\/wp\/v2\/posts\/10825\/revisions\/10829"}],"wp:featuredmedia":[{"embeddable":true,"href":"https:\/\/www.turunch.net\/cosmetic\/ru\/wp-json\/wp\/v2\/media\/10827"}],"wp:attachment":[{"href":"https:\/\/www.turunch.net\/cosmetic\/ru\/wp-json\/wp\/v2\/media?parent=10825"}],"wp:term":[{"taxonomy":"category","embeddable":true,"href":"https:\/\/www.turunch.net\/cosmetic\/ru\/wp-json\/wp\/v2\/categories?post=10825"},{"taxonomy":"post_tag","embeddable":true,"href":"https:\/\/www.turunch.net\/cosmetic\/ru\/wp-json\/wp\/v2\/tags?post=10825"}],"curies":[{"name":"wp","href":"https:\/\/api.w.org\/{rel}","templated":true}]}}