{"id":10775,"date":"2025-12-15T17:18:26","date_gmt":"2025-12-15T14:18:26","guid":{"rendered":"https:\/\/www.turunch.net\/cosmetic\/?p=10775"},"modified":"2025-12-15T17:18:31","modified_gmt":"2025-12-15T14:18:31","slug":"dogal-vucut-yaglari-ile-kuruluk-karsiti-cilt-bakimi-kullanim-ve-etki-rehberi","status":"publish","type":"post","link":"https:\/\/www.turunch.net\/cosmetic\/ru\/blog\/dogal-vucut-yaglari-ile-kuruluk-karsiti-cilt-bakimi-kullanim-ve-etki-rehberi\/","title":{"rendered":"\u00a0Do\u011fal V\u00fccut Ya\u011flar\u0131 ile Kuruluk Kar\u015f\u0131t\u0131 Cilt Bak\u0131m\u0131: Kullan\u0131m ve Etki Rehberi"},"content":{"rendered":"<p><strong>Do\u011fal V\u00fccut Ya\u011flar\u0131<\/strong>, \u00e7a\u011fda\u015f <strong>kuru cilt bak\u0131m\u0131<\/strong> rutinlerinin en g\u00fc\u00e7l\u00fc ve saf destek\u00e7ilerinden biri haline gelmi\u015ftir. Cildin do\u011fal nem dengesini destekleme ve cilde <strong>yo\u011fun nemlendirici v\u00fccut \u00fcr\u00fcnleri<\/strong> etkisi sunma kapasiteleri sayesinde, <strong>do\u011fal v\u00fccut ya\u011flar\u0131<\/strong> sadece k\u0131\u015f aylar\u0131nda de\u011fil, d\u00f6rt mevsim boyunca cildin nem bariyerini korumak i\u00e7in ideal bir \u00e7\u00f6z\u00fcmd\u00fcr. Turunch Kozmetik olarak benimsedi\u011fimiz &#8220;Do\u011fal Kar\u0131\u015f\u0131mlar&#8221; prensibiyle \u00fcretti\u011fimiz <strong>cildi besleyici ya\u011flar<\/strong>, cildinizin ihtiyac\u0131 olan bak\u0131m\u0131 en saf haliyle sunmay\u0131 ama\u00e7lar. Bu kapsaml\u0131 rehberde, <strong>v\u00fccut ya\u011f\u0131 faydalar\u0131<\/strong> nelerdir, cildinize en uygun \u00fcr\u00fcn\u00fc nas\u0131l se\u00e7ersiniz ve en verimli kullan\u0131m tekniklerini detayl\u0131ca inceleyece\u011fiz.<\/p><figure class=\"wp-block-gallery has-nested-images columns-default is-cropped wp-block-gallery-1 is-layout-flex wp-block-gallery-is-layout-flex\"><figure class=\"wp-block-image size-large\"><img loading=\"lazy\" decoding=\"async\" width=\"1300\" height=\"731\" data-id=\"10779\" src=\"https:\/\/www.turunch.net\/cosmetic\/wp-content\/uploads\/2025\/12\/cilt-bakimi-1300x731.webp\" alt=\"cilt bak\u0131m\u0131 yapan kad\u0131n\" class=\"wp-image-10779\" srcset=\"https:\/\/www.turunch.net\/cosmetic\/wp-content\/uploads\/2025\/12\/cilt-bakimi-1300x731.webp 1300w, https:\/\/www.turunch.net\/cosmetic\/wp-content\/uploads\/2025\/12\/cilt-bakimi-400x225.webp 400w, https:\/\/www.turunch.net\/cosmetic\/wp-content\/uploads\/2025\/12\/cilt-bakimi-768x432.webp 768w, https:\/\/www.turunch.net\/cosmetic\/wp-content\/uploads\/2025\/12\/cilt-bakimi-1536x864.webp 1536w, https:\/\/www.turunch.net\/cosmetic\/wp-content\/uploads\/2025\/12\/cilt-bakimi-2048x1152.webp 2048w, https:\/\/www.turunch.net\/cosmetic\/wp-content\/uploads\/2025\/12\/cilt-bakimi-18x10.webp 18w, https:\/\/www.turunch.net\/cosmetic\/wp-content\/uploads\/2025\/12\/cilt-bakimi-430x242.webp 430w, https:\/\/www.turunch.net\/cosmetic\/wp-content\/uploads\/2025\/12\/cilt-bakimi-700x394.webp 700w, https:\/\/www.turunch.net\/cosmetic\/wp-content\/uploads\/2025\/12\/cilt-bakimi-150x84.webp 150w\" sizes=\"auto, (max-width: 1300px) 100vw, 1300px\" \/><\/figure><\/figure><h2 class=\"wp-block-heading\"><strong>Turunch Kozmetik Felsefesi: Kalitede G\u00fcven ve Do\u011fal Kar\u0131\u015f\u0131mlar<\/strong><\/h2><p>Biz, <a href=\"https:\/\/www.turunch.net\/cosmetic\/ru\/\"><strong>Turunch Cosmetics<\/strong><\/a> olarak, kozmetik sekt\u00f6r\u00fcnde y\u0131llard\u0131r s\u00fcregelen tecr\u00fcbemizi, do\u011fal ve etkili form\u00fcllerle birle\u015ftiriyoruz. 4.500 m\u00b2 kapal\u0131 alanda, v\u00fccut, sa\u00e7 ve cilt bak\u0131m \u00fcr\u00fcnlerini uluslararas\u0131 standartlarda \u00fcretiyoruz. Temel felsefemiz; do\u011fan\u0131n bize sundu\u011fu en de\u011ferli \u00f6zleri, bilimsel form\u00fclasyonlarla birle\u015ftirerek cildinize en saf dokunu\u015fu sunmakt\u0131r. \u00dcr\u00fcnlerimizde daima <strong>Etkin Form\u00fcller<\/strong> \u0418 <strong>S\u00fcrd\u00fcr\u00fclebilir Bak\u0131m<\/strong> ilkelerini esas al\u0131yor, bu sayede hem cildinizin sa\u011fl\u0131\u011f\u0131n\u0131 destekliyor hem de \u00e7evreye olan sorumlulu\u011fumuzu yerine getiriyoruz. <a href=\"https:\/\/www.turunch.net\/cosmetic\/ru\/\"><strong>Turunch Cosmetics Hakk\u0131nda Bilgi Almak \u0130\u00e7in T\u0131klay\u0131n&nbsp;<\/strong><\/a><\/p><h2 class=\"wp-block-heading\"><strong>Kuru Cilt Bak\u0131m\u0131 Neden Kritik \u00d6nem Ta\u015f\u0131yor?<\/strong><\/h2><p>Cilt, v\u00fccudumuzun en b\u00fcy\u00fck organ\u0131 olup d\u0131\u015f d\u00fcnyaya kar\u015f\u0131 ilk savunma hatt\u0131m\u0131z\u0131 olu\u015fturur. \u00d6zellikle <strong>kuru cilt bak\u0131m\u0131<\/strong>, cildin bariyer fonksiyonunu korumak ve \u00e7evresel fakt\u00f6rlerin neden oldu\u011fu gerginlik, hassasiyet ve pul pul d\u00f6k\u00fclmeye kar\u015f\u0131 diren\u00e7 sa\u011flamak i\u00e7in hayati \u00f6nem ta\u015f\u0131r.<\/p><h3 class=\"wp-block-heading\"><strong>Cilt Bariyerinin \u0130\u015flevi ve \u00d6nemi<\/strong><\/h3><p>Cilt bariyeri, nem kayb\u0131n\u0131 (Transepidermal Su Kayb\u0131 \u2013 TEWL) en aza indirmekle g\u00f6revli, cildin en d\u0131\u015f katman\u0131d\u0131r. Bu bariyer zay\u0131flad\u0131\u011f\u0131nda cilt nem tutma yetene\u011fini kaybeder. Kaliteli <strong>yo\u011fun nemlendirici v\u00fccut \u00fcr\u00fcnleri<\/strong> kullanmak, bu bariyerin lipid yap\u0131s\u0131n\u0131 destekleyerek cildin daha diren\u00e7li ve esnek olmas\u0131na yard\u0131mc\u0131 olur.<\/p><h3 class=\"wp-block-heading\"><strong>K\u0131\u015f Aylar\u0131nda Cilt Kurulu\u011fu Neden Artar?<\/strong><\/h3><p>K\u0131\u015f mevsimi ve i\u00e7 mek\u00e2n \u0131s\u0131t\u0131c\u0131lar\u0131, havadaki nem seviyesini d\u00fc\u015f\u00fcrerek cildin h\u0131zla nem kaybetmesine neden olur. Bu d\u00f6nemde rutininize <strong>cildi besleyici ya\u011flar<\/strong> eklemek, cilt y\u00fczeyinde koruyucu bir katman olu\u015fturarak su kayb\u0131n\u0131 \u00f6nler ve cildin yumu\u015fakl\u0131\u011f\u0131n\u0131 korumas\u0131n\u0131 destekler.<\/p><hr class=\"wp-block-separator has-alpha-channel-opacity\"\/><h2 class=\"wp-block-heading\"><strong>Do\u011fal V\u00fccut Ya\u011flar\u0131 Nedir ve Neden Tercih Edilmelidir?<\/strong><\/h2><p><strong>Do\u011fal v\u00fccut ya\u011flar\u0131<\/strong>, sentetik i\u00e7eriklerden ar\u0131nd\u0131r\u0131lm\u0131\u015f, bitkisel kaynaklardan elde edilen, cildin nem bariyerini g\u00fc\u00e7lendiren ve yo\u011fun bir \u015fekilde besleyen konsantre \u00fcr\u00fcnlerdir.<\/p><h3 class=\"wp-block-heading\"><strong>Geleneksel Losyonlar ve V\u00fccut Ya\u011flar\u0131 Aras\u0131ndaki Fark<\/strong><\/h3><p>Geleneksel losyonlar su bazl\u0131d\u0131r ve anl\u0131k nem hissi sunar. <strong>Do\u011fal v\u00fccut ya\u011flar\u0131<\/strong> ise su i\u00e7ermez. G\u00f6revleri, cildin y\u00fczeyinde koruyucu (okl\u00fczif) bir tabaka olu\u015fturarak cildin kendi nemini cilt i\u00e7inde kilitlenmesini sa\u011flamakt\u0131r. Bu yap\u0131, <strong>kuru cilt bak\u0131m\u0131<\/strong> i\u00e7in uzun s\u00fcreli ve kal\u0131c\u0131 bir destek sunar.<\/p><h3 class=\"wp-block-heading\"><strong>Turunch&#8217;un &#8220;Do\u011fal Kar\u0131\u015f\u0131mlar&#8221; Prensibi ve Kalite<\/strong><\/h3><p><strong>Turunch Cosmetics<\/strong> olarak, \u00fcr\u00fcnlerimizde kulland\u0131\u011f\u0131m\u0131z her bile\u015fenin kayna\u011f\u0131na ve do\u011fall\u0131\u011f\u0131na \u00f6ncelik veriyoruz. Sentetik koruyucular ve mineral ya\u011flar yerine, cildin beslenmesini destekleyen saf bitkisel \u00f6zlere odaklan\u0131yoruz. Bu yakla\u015f\u0131m\u0131m\u0131z, uluslararas\u0131 kalite sertifikasyon s\u00fcre\u00e7lerimizle desteklenmektedir. <a href=\"https:\/\/www.turunch.net\/cosmetic\/ru\/\u043d\u0430\u0448\u0438-\u0441\u0435\u0440\u0442\u0438\u0444\u0438\u043a\u0430\u0442\u044b\/\"><strong>Sertifikalar\u0131m\u0131z Sayfas\u0131n\u0131 \u0130nceleyin<\/strong><\/a><\/p><hr class=\"wp-block-separator has-alpha-channel-opacity\"\/><h2 class=\"wp-block-heading\"><strong>Cildi Besleyici Ya\u011flar: En Etkili Do\u011fal \u0130\u00e7erikler ve Faydalar\u0131<\/strong><\/h2><p><strong>Cildi besleyici ya\u011flar<\/strong>\u0131n se\u00e7imi, i\u00e7erdi\u011fi ya\u011f asidi profiline g\u00f6re de\u011fi\u015fir. \u0130\u015fte <strong>do\u011fal v\u00fccut ya\u011flar\u0131<\/strong> i\u00e7inde \u00f6ne \u00e7\u0131kan baz\u0131 i\u00e7erikler:<\/p><h3 class=\"wp-block-heading\"><strong>Jojoba Ya\u011f\u0131: Cilt Ya\u011f\u0131na En Yak\u0131n Yap\u0131<\/strong><\/h3><p>Jojoba ya\u011f\u0131, yap\u0131s\u0131 insan cildinin \u00fcretti\u011fi do\u011fal ya\u011fa (sebum) olduk\u00e7a benzerdir. Bu sayede cilt taraf\u0131ndan kolayca emilir ve <strong>kuru cilt bak\u0131m\u0131<\/strong> yaparken nem dengesinin desteklenmesinde \u00f6nemlidir.<\/p><h3 class=\"wp-block-heading\"><strong>Tatl\u0131 Badem Ya\u011f\u0131: Yo\u011fun Nemlendirici G\u00fc\u00e7<\/strong><\/h3><p>Omega-9 ya\u011f asitleri a\u00e7\u0131s\u0131ndan zengin olan tatl\u0131 badem ya\u011f\u0131, cilde esneklik kazand\u0131rma potansiyeliyle bilinir. <strong>Yo\u011fun nemlendirici v\u00fccut \u00fcr\u00fcnleri<\/strong> form\u00fcllerinde s\u0131kl\u0131kla yer al\u0131r ve cilde yumu\u015fakl\u0131k hissi verir.<\/p><h3 class=\"wp-block-heading\"><strong>E Vitamini ve Antioksidanlar\u0131n Katk\u0131s\u0131<\/strong><\/h3><p>Saf <strong>do\u011fal v\u00fccut ya\u011flar\u0131<\/strong>, serbest radikallere kar\u015f\u0131 cildi destekleyen do\u011fal E vitamini ve antioksidanlar i\u00e7erir. Bu bile\u015fenler, cildin daha canl\u0131, parlak ve p\u00fcr\u00fczs\u00fcz g\u00f6r\u00fcnmesine katk\u0131da bulunur.<\/p><hr class=\"wp-block-separator has-alpha-channel-opacity\"\/><h2 class=\"wp-block-heading\"><strong>Do\u011fru Yo\u011fun Nemlendirici V\u00fccut \u00dcr\u00fcnleri Nas\u0131l Se\u00e7ilir?<\/strong><\/h2><p><\/p><figure class=\"wp-block-image size-full\"><img loading=\"lazy\" decoding=\"async\" width=\"800\" height=\"522\" src=\"https:\/\/www.turunch.net\/cosmetic\/wp-content\/uploads\/2025\/12\/cilt-bakimi-3.webp\" alt=\"\" class=\"wp-image-10781\" srcset=\"https:\/\/www.turunch.net\/cosmetic\/wp-content\/uploads\/2025\/12\/cilt-bakimi-3.webp 800w, https:\/\/www.turunch.net\/cosmetic\/wp-content\/uploads\/2025\/12\/cilt-bakimi-3-400x261.webp 400w, https:\/\/www.turunch.net\/cosmetic\/wp-content\/uploads\/2025\/12\/cilt-bakimi-3-768x501.webp 768w, https:\/\/www.turunch.net\/cosmetic\/wp-content\/uploads\/2025\/12\/cilt-bakimi-3-18x12.webp 18w, https:\/\/www.turunch.net\/cosmetic\/wp-content\/uploads\/2025\/12\/cilt-bakimi-3-430x281.webp 430w, https:\/\/www.turunch.net\/cosmetic\/wp-content\/uploads\/2025\/12\/cilt-bakimi-3-700x457.webp 700w, https:\/\/www.turunch.net\/cosmetic\/wp-content\/uploads\/2025\/12\/cilt-bakimi-3-150x98.webp 150w\" sizes=\"auto, (max-width: 800px) 100vw, 800px\" \/><\/figure><p>Piyasada yer alan <strong>yo\u011fun nemlendirici v\u00fccut \u00fcr\u00fcnleri<\/strong> aras\u0131nda do\u011fal ve kaliteli olan\u0131 ay\u0131rt etmek, etkili bir <strong>kuru cilt bak\u0131m\u0131<\/strong> i\u00e7in esast\u0131r.<\/p><h3 class=\"wp-block-heading\"><strong>Etiket Okuma Rehberi: Paraben ve Sentetik \u0130\u00e7eriklerden Ka\u00e7\u0131nma<\/strong><\/h3><p>Bir \u00fcr\u00fcn\u00fcn ne kadar <strong>do\u011fal v\u00fccut ya\u011flar\u0131<\/strong> i\u00e7erdi\u011fini anlamak i\u00e7in i\u00e7erik listesini kontrol edin. M\u00fcmk\u00fcn oldu\u011funca sentetik parf\u00fcm, mineral ya\u011f ve Paraben gibi maddelerden ka\u00e7\u0131nan <strong>cildi besleyici ya\u011flar<\/strong>\u0131 tercih edin.<\/p><h3 class=\"wp-block-heading\"><strong>Cilt Tipine G\u00f6re V\u00fccut Ya\u011f\u0131 Se\u00e7imi<\/strong><\/h3><ul class=\"wp-block-list\"><li><strong>\u00c7ok Kuru Ciltler:<\/strong> Daha kal\u0131n ve bariyer olu\u015fturucu etkiye sahip ya\u011flar\u0131 (Shea ya\u011f\u0131 veya Hindistan Cevizi Ya\u011f\u0131 i\u00e7eren kar\u0131\u015f\u0131mlar) tercih edebilirsiniz.<\/li>\n\n<li><strong>Normalden Kuruyana Ciltler:<\/strong> Daha hafif ve \u00e7abuk emilen <strong>do\u011fal v\u00fccut ya\u011flar\u0131<\/strong> (Jojoba, Badem Ya\u011flar\u0131) idealdir.<\/li>\n\n<li><strong>\u0427\u0443\u0432\u0441\u0442\u0432\u0438\u0442\u0435\u043b\u044c\u043d\u0430\u044f \u043a\u043e\u0436\u0430:<\/strong> Parf\u00fcms\u00fcz ve minimal bile\u015fenli <strong>kuru cilt bak\u0131m\u0131<\/strong> ya\u011flar\u0131n\u0131 se\u00e7mek \u00f6nemlidir.<\/li><\/ul><hr class=\"wp-block-separator has-alpha-channel-opacity\"\/><h2 class=\"wp-block-heading\"><strong>V\u00fccut Ya\u011f\u0131 Faydalar\u0131: En Verimli Kullan\u0131m \u015eekilleri<\/strong><\/h2><p><strong>V\u00fccut ya\u011f\u0131 faydalar\u0131<\/strong>ndan tam olarak yararlanmak i\u00e7in, uygulama zaman\u0131 ve tekni\u011fi kritiktir.<\/p><h3 class=\"wp-block-heading\"><strong>Du\u015f Sonras\u0131 Nemli Cilde Uygulama Tekni\u011fi<\/strong><\/h3><p><strong>V\u00fccut ya\u011f\u0131<\/strong> kullanman\u0131n en etkili yolu, du\u015ftan hemen sonra, cilt hala hafif nemliyken uygulamakt\u0131r. Ya\u011f, cildinizdeki mevcut suyu hapsetmek i\u00e7in en iyi performans\u0131 bu durumda g\u00f6sterir. Avu\u00e7 i\u00e7ine al\u0131nan az miktarda ya\u011f\u0131 dairesel hareketlerle cilde nazik\u00e7e masaj yaparak yedirmek, emilimi ve <strong>cildi besleyici ya\u011flar<\/strong>\u0131n etkisini maksimize eder.<\/p><h3 class=\"wp-block-heading\"><strong>Ekstra Bak\u0131m \u0130htiyac\u0131 Olan B\u00f6lgeler<\/strong><\/h3><p>V\u00fccudun daha kal\u0131n derili b\u00f6lgeleri (dirsekler, dizler, topuklar) daha fazla kuruma e\u011filimi g\u00f6sterir. Bu b\u00f6lgelere normalden biraz daha fazla <strong>yo\u011fun nemlendirici v\u00fccut \u00fcr\u00fcnleri<\/strong> uygulayarak cildin yumu\u015fak kalmas\u0131n\u0131 destekleyebilirsiniz.<\/p><h3 class=\"wp-block-heading\"><strong>Masaj Ya\u011f\u0131 Olarak Kullan\u0131m<\/strong><\/h3><p><strong>Do\u011fal v\u00fccut ya\u011flar\u0131<\/strong>, ayn\u0131 zamanda rahatlat\u0131c\u0131 ve cildi besleyici bir masaj deneyimi i\u00e7in de m\u00fckemmeldir. Masaj s\u0131ras\u0131nda cilde s\u00fcrt\u00fcnme olmaks\u0131z\u0131n kayganl\u0131k sa\u011flarken, i\u00e7eri\u011findeki <strong>cildi besleyici ya\u011flar<\/strong> ayn\u0131 anda cildin beslenmesine katk\u0131da bulunur.<\/p><hr class=\"wp-block-separator has-alpha-channel-opacity\"\/><h2 class=\"wp-block-heading\"><strong>S\u0131k\u00e7a Sorulan Sorular (SSS)<\/strong><\/h2><h3 class=\"wp-block-heading\"><strong>V\u00fccut ya\u011f\u0131 sivilceye neden olur mu?<\/strong><\/h3><p>V\u00fccut ya\u011flar\u0131n\u0131n komedojenik (g\u00f6zenek t\u0131kay\u0131c\u0131) olma potansiyeli i\u00e7eri\u011fine ba\u011fl\u0131d\u0131r. Turunch&#8217;un sundu\u011fu gibi do\u011fal, bitkisel bazl\u0131 ve hafif <strong>do\u011fal v\u00fccut ya\u011flar\u0131<\/strong>, genellikle sivilceye neden olmaz. Ancak ya\u011fl\u0131 cilde sahip kullan\u0131c\u0131lar \u00fcr\u00fcn\u00fc k\u00fc\u00e7\u00fck bir alanda test etmelidir.<\/p><h3 class=\"wp-block-heading\"><strong>Y\u00fcz\u00fcmde v\u00fccut ya\u011f\u0131 kullanabilir miyim?<\/strong><\/h3><p>V\u00fccut ya\u011flar\u0131 genellikle v\u00fccut cildi i\u00e7in daha yo\u011fun form\u00fcle edilmi\u015ftir. Y\u00fcz cildi daha hassas ve farkl\u0131 ihtiya\u00e7lara sahip oldu\u011fundan, y\u00fcz\u00fcn\u00fcz i\u00e7in \u00f6zel olarak form\u00fcle edilmi\u015f \u00fcr\u00fcnler kullanman\u0131z \u00f6nerilir. Turunch Cosmetics\u2019in <a href=\"https:\/\/www.turunch.net\/cosmetic\/ru\/urun-kategori\/cilt-bakim-urunleri\/\"><strong>Cilt Bak\u0131m \u00dcr\u00fcnleri Kategorisi<\/strong><\/a> sayfas\u0131n\u0131 inceleyebilirsiniz.<\/p><h3 class=\"wp-block-heading\"><strong>V\u00fccut ya\u011f\u0131 ne s\u0131kl\u0131kta kullan\u0131lmal\u0131?<\/strong><\/h3><p><strong>Kuru cilt bak\u0131m\u0131<\/strong> i\u00e7in en ideal olan\u0131, cilt tipine bak\u0131lmaks\u0131z\u0131n her du\u015ftan sonra ve g\u00fcn i\u00e7inde cildinizde kuruluk hissetti\u011finiz anlarda kullanmakt\u0131r. K\u0131\u015f aylar\u0131nda veya \u00e7ok kuru cilde sahipseniz, g\u00fcnde iki kez uygulamak <strong>yo\u011fun nemlendirici v\u00fccut \u00fcr\u00fcnleri<\/strong> etkisini art\u0131racakt\u0131r.<\/p><hr class=\"wp-block-separator has-alpha-channel-opacity\"\/><p><strong>Sonu\u00e7:<\/strong><strong>Do\u011fal v\u00fccut ya\u011flar\u0131<\/strong>, cildinize ihtiya\u00e7 duydu\u011fu beslenmeyi ve nemi en saf \u015fekilde sunan vazge\u00e7ilmez bir <strong>kuru cilt bak\u0131m\u0131<\/strong> ad\u0131m\u0131d\u0131r. Do\u011fru se\u00e7ilmi\u015f ve d\u00fczenli kullan\u0131lan bu \u00fcr\u00fcnler, cildinizin daha p\u00fcr\u00fczs\u00fcz, canl\u0131 ve esnek olmas\u0131na yard\u0131mc\u0131 olur. Turunch olarak do\u011fal, etkin ve g\u00fcvenilir <strong>cildi besleyici ya\u011flar<\/strong> ile cildinize hak etti\u011fi \u00f6zeni g\u00f6stermeniz i\u00e7in yan\u0131n\u0131zday\u0131z. <strong>&nbsp;<\/strong><a href=\"https:\/\/www.turunch.net\/cosmetic\/ru\/urun-kategori\/vucut-bakim-urunleri\/\"><strong>T\u00fcm V\u00fccut Bak\u0131m \u00dcr\u00fcnlerimizi Ke\u015ffetmek \u0130\u00e7in T\u0131klay\u0131n<\/strong><\/a><\/p><p><\/p>","protected":false},"excerpt":{"rendered":"<p>Do\u011fal V\u00fccut Ya\u011flar\u0131, \u00e7a\u011fda\u015f kuru cilt bak\u0131m\u0131 rutinlerinin en g\u00fc\u00e7l\u00fc ve saf destek\u00e7ilerinden biri haline gelmi\u015ftir. Cildin do\u011fal nem dengesini<\/p>","protected":false},"author":3,"featured_media":10780,"comment_status":"open","ping_status":"open","sticky":false,"template":"","format":"standard","meta":{"_joinchat":[],"footnotes":""},"categories":[1],"tags":[],"class_list":["post-10775","post","type-post","status-publish","format-standard","has-post-thumbnail","hentry","category-genel"],"_links":{"self":[{"href":"https:\/\/www.turunch.net\/cosmetic\/ru\/wp-json\/wp\/v2\/posts\/10775","targetHints":{"allow":["GET"]}}],"collection":[{"href":"https:\/\/www.turunch.net\/cosmetic\/ru\/wp-json\/wp\/v2\/posts"}],"about":[{"href":"https:\/\/www.turunch.net\/cosmetic\/ru\/wp-json\/wp\/v2\/types\/post"}],"author":[{"embeddable":true,"href":"https:\/\/www.turunch.net\/cosmetic\/ru\/wp-json\/wp\/v2\/users\/3"}],"replies":[{"embeddable":true,"href":"https:\/\/www.turunch.net\/cosmetic\/ru\/wp-json\/wp\/v2\/comments?post=10775"}],"version-history":[{"count":1,"href":"https:\/\/www.turunch.net\/cosmetic\/ru\/wp-json\/wp\/v2\/posts\/10775\/revisions"}],"predecessor-version":[{"id":10782,"href":"https:\/\/www.turunch.net\/cosmetic\/ru\/wp-json\/wp\/v2\/posts\/10775\/revisions\/10782"}],"wp:featuredmedia":[{"embeddable":true,"href":"https:\/\/www.turunch.net\/cosmetic\/ru\/wp-json\/wp\/v2\/media\/10780"}],"wp:attachment":[{"href":"https:\/\/www.turunch.net\/cosmetic\/ru\/wp-json\/wp\/v2\/media?parent=10775"}],"wp:term":[{"taxonomy":"category","embeddable":true,"href":"https:\/\/www.turunch.net\/cosmetic\/ru\/wp-json\/wp\/v2\/categories?post=10775"},{"taxonomy":"post_tag","embeddable":true,"href":"https:\/\/www.turunch.net\/cosmetic\/ru\/wp-json\/wp\/v2\/tags?post=10775"}],"curies":[{"name":"wp","href":"https:\/\/api.w.org\/{rel}","templated":true}]}}